{"id":6473,"date":"2025-04-11T19:08:47","date_gmt":"2025-04-11T19:08:47","guid":{"rendered":"https:\/\/forestaisgalicia.es\/?p=6473"},"modified":"2025-04-11T19:08:47","modified_gmt":"2025-04-11T19:08:47","slug":"xuntanza-coa-direccion-xeral-de-ordenacion-e-planificacion-forestal","status":"publish","type":"post","link":"https:\/\/forestaisgalicia.es\/es\/xuntanza-coa-direccion-xeral-de-ordenacion-e-planificacion-forestal\/","title":{"rendered":"Xuntanza coa Direcci\u00f3n Xeral de Ordenaci\u00f3n e Planificaci\u00f3n Forestal"},"content":{"rendered":"<div class=\"fusion-fullwidth fullwidth-box fusion-builder-row-1 fusion-flex-container nonhundred-percent-fullwidth non-hundred-percent-height-scrolling\" style=\"--awb-border-radius-top-left:0px;--awb-border-radius-top-right:0px;--awb-border-radius-bottom-right:0px;--awb-border-radius-bottom-left:0px;--awb-padding-top:3%;--awb-padding-bottom:6%;--awb-flex-wrap:wrap;\" ><div class=\"fusion-builder-row fusion-row fusion-flex-align-items-flex-start fusion-flex-content-wrap\" style=\"max-width:1144px;margin-left: calc(-4% \/ 2 );margin-right: calc(-4% \/ 2 );\"><div class=\"fusion-layout-column fusion_builder_column fusion-builder-column-0 fusion_builder_column_1_1 1_1 fusion-flex-column fusion-animated\" style=\"--awb-bg-size:cover;--awb-width-large:100%;--awb-margin-top-large:0px;--awb-spacing-right-large:1.92%;--awb-margin-bottom-large:0px;--awb-spacing-left-large:1.92%;--awb-width-medium:100%;--awb-spacing-right-medium:1.92%;--awb-spacing-left-medium:1.92%;--awb-width-small:100%;--awb-spacing-right-small:1.92%;--awb-spacing-left-small:1.92%;\" data-animationtype=\"fadeInLeft\" data-animationduration=\"1.0\" data-animationoffset=\"top-into-view\"><div class=\"fusion-column-wrapper fusion-column-has-shadow fusion-flex-justify-content-flex-start fusion-content-layout-column\"><div class=\"fusion-image-element\" style=\"text-align:center;--awb-max-width:40%;--awb-caption-title-font-family:var(--h2_typography-font-family);--awb-caption-title-font-weight:var(--h2_typography-font-weight);--awb-caption-title-font-style:var(--h2_typography-font-style);--awb-caption-title-size:var(--h2_typography-font-size);--awb-caption-title-transform:var(--h2_typography-text-transform);--awb-caption-title-line-height:var(--h2_typography-line-height);--awb-caption-title-letter-spacing:var(--h2_typography-letter-spacing);\"><span class=\"fusion-imageframe imageframe-none imageframe-1 hover-type-none\"><img decoding=\"async\" width=\"1009\" height=\"694\" title=\"20250411_Chanenxe\u00f1eirosforestais\" src=\"https:\/\/forestaisgalicia.es\/wp-content\/uploads\/2025\/04\/20250411_Chanenxeneirosforestais.jpg\" data-orig-src=\"https:\/\/forestaisgalicia.es\/wp-content\/uploads\/2025\/04\/20250411_Chanenxeneirosforestais.jpg\" alt class=\"lazyload img-responsive wp-image-6474\" srcset=\"data:image\/svg+xml,%3Csvg%20xmlns%3D%27http%3A%2F%2Fwww.w3.org%2F2000%2Fsvg%27%20width%3D%271009%27%20height%3D%27694%27%20viewBox%3D%270%200%201009%20694%27%3E%3Crect%20width%3D%271009%27%20height%3D%27694%27%20fill-opacity%3D%220%22%2F%3E%3C%2Fsvg%3E\" data-srcset=\"https:\/\/forestaisgalicia.es\/wp-content\/uploads\/2025\/04\/20250411_Chanenxeneirosforestais-200x138.jpg 200w, https:\/\/forestaisgalicia.es\/wp-content\/uploads\/2025\/04\/20250411_Chanenxeneirosforestais-400x275.jpg 400w, https:\/\/forestaisgalicia.es\/wp-content\/uploads\/2025\/04\/20250411_Chanenxeneirosforestais-600x413.jpg 600w, https:\/\/forestaisgalicia.es\/wp-content\/uploads\/2025\/04\/20250411_Chanenxeneirosforestais-800x550.jpg 800w, https:\/\/forestaisgalicia.es\/wp-content\/uploads\/2025\/04\/20250411_Chanenxeneirosforestais.jpg 1009w\" data-sizes=\"auto\" data-orig-sizes=\"(max-width: 1024px) 100vw, (max-width: 640px) 100vw, 1009px\" \/><\/span><\/div><\/div><\/div><div class=\"fusion-layout-column fusion_builder_column fusion-builder-column-1 fusion_builder_column_1_1 1_1 fusion-flex-column fusion-animated\" style=\"--awb-padding-top:30px;--awb-bg-size:cover;--awb-width-large:100%;--awb-margin-top-large:0px;--awb-spacing-right-large:1.92%;--awb-margin-bottom-large:0px;--awb-spacing-left-large:1.92%;--awb-width-medium:100%;--awb-spacing-right-medium:1.92%;--awb-spacing-left-medium:1.92%;--awb-width-small:100%;--awb-spacing-right-small:1.92%;--awb-spacing-left-small:1.92%;\" data-animationtype=\"fadeInUp\" data-animationduration=\"1.0\" data-animationoffset=\"top-into-view\"><div class=\"fusion-column-wrapper fusion-column-has-shadow fusion-flex-justify-content-flex-start fusion-content-layout-column\"><div class=\"fusion-title title fusion-title-1 fusion-sep-none fusion-title-text fusion-title-size-two\" style=\"--awb-margin-top:40px;--awb-margin-top-small:40px;--awb-margin-right-small:0px;--awb-margin-bottom-small:20px;--awb-margin-left-small:0px;--awb-font-size:36px;\"><h2 class=\"fusion-title-heading title-heading-left fusion-responsive-typography-calculated\" style=\"margin:0;font-size:1em;--fontSize:36;line-height:1.5;\">Xuntanza coa Direcci\u00f3n Xeral de Ordenaci\u00f3n e Planificaci\u00f3n Forestal<\/h2><\/div><div class=\"fusion-text fusion-text-1\"><p>O Director Xeral de Ordenaci\u00f3n e Planificaci\u00f3n Forestal, Jos\u00e9 Luis Chan, acompa\u00f1ado por Od\u00f3n L\u00f3pez, recibiron esta ma\u00f1\u00e1 aos representantes do COETFG nun encontro no que se abordou a situaci\u00f3n actual da xesti\u00f3n forestal e as li\u00f1as de traballo previstas.<\/p>\n<p>Analizamos adem\u00e1is os \u00e1mbitos competenciais da Enxe\u00f1ar\u00eda Forestal e a importancia da presencia deste colectivo na cadea forestal.<\/p>\n<p>Finalmente abord\u00e1ronse posibles v\u00edas de colaboraci\u00f3n a prol do monte galego.<\/p>\n<\/div><\/div><\/div><\/div><\/div>","protected":false},"excerpt":{"rendered":"","protected":false},"author":2,"featured_media":6474,"comment_status":"open","ping_status":"open","sticky":false,"template":"","format":"standard","meta":{"footnotes":""},"categories":[45,46],"tags":[59],"class_list":["post-6473","post","type-post","status-publish","format-standard","has-post-thumbnail","hentry","category-general-maintenance","category-tips","tag-probando-contidos"],"_links":{"self":[{"href":"https:\/\/forestaisgalicia.es\/es\/wp-json\/wp\/v2\/posts\/6473","targetHints":{"allow":["GET"]}}],"collection":[{"href":"https:\/\/forestaisgalicia.es\/es\/wp-json\/wp\/v2\/posts"}],"about":[{"href":"https:\/\/forestaisgalicia.es\/es\/wp-json\/wp\/v2\/types\/post"}],"author":[{"embeddable":true,"href":"https:\/\/forestaisgalicia.es\/es\/wp-json\/wp\/v2\/users\/2"}],"replies":[{"embeddable":true,"href":"https:\/\/forestaisgalicia.es\/es\/wp-json\/wp\/v2\/comments?post=6473"}],"version-history":[{"count":3,"href":"https:\/\/forestaisgalicia.es\/es\/wp-json\/wp\/v2\/posts\/6473\/revisions"}],"predecessor-version":[{"id":6477,"href":"https:\/\/forestaisgalicia.es\/es\/wp-json\/wp\/v2\/posts\/6473\/revisions\/6477"}],"wp:featuredmedia":[{"embeddable":true,"href":"https:\/\/forestaisgalicia.es\/es\/wp-json\/wp\/v2\/media\/6474"}],"wp:attachment":[{"href":"https:\/\/forestaisgalicia.es\/es\/wp-json\/wp\/v2\/media?parent=6473"}],"wp:term":[{"taxonomy":"category","embeddable":true,"href":"https:\/\/forestaisgalicia.es\/es\/wp-json\/wp\/v2\/categories?post=6473"},{"taxonomy":"post_tag","embeddable":true,"href":"https:\/\/forestaisgalicia.es\/es\/wp-json\/wp\/v2\/tags?post=6473"}],"curies":[{"name":"wp","href":"https:\/\/api.w.org\/{rel}","templated":true}]}}