{"id":6725,"date":"2025-08-06T12:21:59","date_gmt":"2025-08-06T12:21:59","guid":{"rendered":"https:\/\/forestaisgalicia.es\/?p=6725"},"modified":"2025-08-06T12:29:46","modified_gmt":"2025-08-06T12:29:46","slug":"adhesion-do-coetfg-a-declaracion-tolerancia-e-respecto-fronte-ao-discurso-do-odio-e-a-aporofobia","status":"publish","type":"post","link":"https:\/\/forestaisgalicia.es\/es\/adhesion-do-coetfg-a-declaracion-tolerancia-e-respecto-fronte-ao-discurso-do-odio-e-a-aporofobia\/","title":{"rendered":"Adhesi\u00f3n do COETFG \u00e1 Declaraci\u00f3n: &#8220;Tolerancia e Respecto. Fronte ao discurso do odio e a aporofobia&#8221;"},"content":{"rendered":"<div class=\"fusion-fullwidth fullwidth-box fusion-builder-row-1 fusion-flex-container nonhundred-percent-fullwidth non-hundred-percent-height-scrolling\" style=\"--awb-border-radius-top-left:0px;--awb-border-radius-top-right:0px;--awb-border-radius-bottom-right:0px;--awb-border-radius-bottom-left:0px;--awb-padding-top:3%;--awb-padding-bottom:6%;--awb-flex-wrap:wrap;\" ><div class=\"fusion-builder-row fusion-row fusion-flex-align-items-flex-start fusion-flex-content-wrap\" style=\"max-width:1144px;margin-left: calc(-4% \/ 2 );margin-right: calc(-4% \/ 2 );\"><div class=\"fusion-layout-column fusion_builder_column fusion-builder-column-0 fusion_builder_column_1_1 1_1 fusion-flex-column fusion-animated\" style=\"--awb-bg-size:cover;--awb-width-large:100%;--awb-margin-top-large:0px;--awb-spacing-right-large:1.92%;--awb-margin-bottom-large:0px;--awb-spacing-left-large:1.92%;--awb-width-medium:100%;--awb-spacing-right-medium:1.92%;--awb-spacing-left-medium:1.92%;--awb-width-small:100%;--awb-spacing-right-small:1.92%;--awb-spacing-left-small:1.92%;\" data-animationtype=\"fadeInLeft\" data-animationduration=\"1.0\" data-animationoffset=\"top-into-view\"><div class=\"fusion-column-wrapper fusion-column-has-shadow fusion-flex-justify-content-flex-start fusion-content-layout-column\"><div class=\"fusion-image-element\" style=\"text-align:center;--awb-max-width:40%;--awb-caption-title-font-family:var(--h2_typography-font-family);--awb-caption-title-font-weight:var(--h2_typography-font-weight);--awb-caption-title-font-style:var(--h2_typography-font-style);--awb-caption-title-size:var(--h2_typography-font-size);--awb-caption-title-transform:var(--h2_typography-text-transform);--awb-caption-title-line-height:var(--h2_typography-line-height);--awb-caption-title-letter-spacing:var(--h2_typography-letter-spacing);\"><span class=\"fusion-imageframe imageframe-none imageframe-1 hover-type-none\"><img decoding=\"async\" width=\"1024\" height=\"682\" title=\"CONTRAPOROFOBIA\" src=\"https:\/\/forestaisgalicia.es\/wp-content\/uploads\/2025\/08\/CONTRAPOROFOBIA.png\" data-orig-src=\"https:\/\/forestaisgalicia.es\/wp-content\/uploads\/2025\/08\/CONTRAPOROFOBIA.png\" alt class=\"lazyload img-responsive wp-image-6726\" srcset=\"data:image\/svg+xml,%3Csvg%20xmlns%3D%27http%3A%2F%2Fwww.w3.org%2F2000%2Fsvg%27%20width%3D%271024%27%20height%3D%27682%27%20viewBox%3D%270%200%201024%20682%27%3E%3Crect%20width%3D%271024%27%20height%3D%27682%27%20fill-opacity%3D%220%22%2F%3E%3C%2Fsvg%3E\" data-srcset=\"https:\/\/forestaisgalicia.es\/wp-content\/uploads\/2025\/08\/CONTRAPOROFOBIA-200x133.png 200w, https:\/\/forestaisgalicia.es\/wp-content\/uploads\/2025\/08\/CONTRAPOROFOBIA-400x266.png 400w, https:\/\/forestaisgalicia.es\/wp-content\/uploads\/2025\/08\/CONTRAPOROFOBIA-600x400.png 600w, https:\/\/forestaisgalicia.es\/wp-content\/uploads\/2025\/08\/CONTRAPOROFOBIA-800x533.png 800w, https:\/\/forestaisgalicia.es\/wp-content\/uploads\/2025\/08\/CONTRAPOROFOBIA.png 1024w\" data-sizes=\"auto\" data-orig-sizes=\"(max-width: 1024px) 100vw, (max-width: 640px) 100vw, 1024px\" \/><\/span><\/div><\/div><\/div><div class=\"fusion-layout-column fusion_builder_column fusion-builder-column-1 fusion_builder_column_1_1 1_1 fusion-flex-column fusion-animated\" style=\"--awb-padding-top:30px;--awb-bg-size:cover;--awb-width-large:100%;--awb-margin-top-large:0px;--awb-spacing-right-large:1.92%;--awb-margin-bottom-large:0px;--awb-spacing-left-large:1.92%;--awb-width-medium:100%;--awb-spacing-right-medium:1.92%;--awb-spacing-left-medium:1.92%;--awb-width-small:100%;--awb-spacing-right-small:1.92%;--awb-spacing-left-small:1.92%;\" data-animationtype=\"fadeInUp\" data-animationduration=\"1.0\" data-animationoffset=\"top-into-view\"><div class=\"fusion-column-wrapper fusion-column-has-shadow fusion-flex-justify-content-flex-start fusion-content-layout-column\"><div class=\"fusion-title title fusion-title-1 fusion-sep-none fusion-title-text fusion-title-size-two\" style=\"--awb-margin-top:40px;--awb-margin-top-small:40px;--awb-margin-right-small:0px;--awb-margin-bottom-small:20px;--awb-margin-left-small:0px;--awb-font-size:36px;\"><h2 class=\"fusion-title-heading title-heading-left fusion-responsive-typography-calculated\" style=\"margin:0;font-size:1em;--fontSize:36;line-height:1.5;\">Adhesi\u00f3n do COETFG \u00e1 Declaraci\u00f3n: &#8220;Tolerancia e Respecto. Fronte ao discurso do odio e a aporofobia&#8221;<\/h2><\/div><div class=\"fusion-text fusion-text-1\"><p><span style=\"background-color: rgba(0, 0, 0, 0);\">2025\/08\/04, O COETFG adh\u00edrese \u00e1 \u201c<a href=\"https:\/\/eapn-galicia.com\/wp-content\/uploads\/2025\/07\/Declaracion_Tolerancia-e-respecto.-Fronte-ao-discurso-do-odio-e-a-aporofobia.pdf\">Declaraci\u00f3n \u201cTolerancia e respecto. Fronte ao discurso do odio e \u00e1 aporofobia<\/a>\u201d promovida polas 35 organizaci\u00f3ns membro de <\/span><span style=\"background-color: rgba(0, 0, 0, 0);\">de <a href=\"https:\/\/eapn-galicia.com.\">EAPN Galicia \u2013 Rede Europea contra a Pobreza e a Exclusi\u00f3n Social<\/a>.<\/span><\/p>\n<p>Nun contexto no que as mensaxes que sementan odio e infunden medo est\u00e1n calando en gran parte da sociedade, \u00e9 preciso a uni\u00f3n da cidadan\u00eda para posicionarnos ante esta escalada.<\/p>\n<p>As 67 entidades, federaci\u00f3ns e colexios profesionais que xa asumimos a Declaraci\u00f3n ata agora expresamos o noso compromiso pola tolerancia e o respecto, facendo as\u00ed un chamamento colectivo e urxente para facer fronte ao aumento destes discursos, a criminalizaci\u00f3n da pobreza e a aporofobia, especialmente das persoas en situaci\u00f3n de vulnerabilidade. Valores e compromiso que te\u00f1en a pr\u00e1ctica totalidade das organizaci\u00f3ns do Terceiro Sector e do resto de familias da econom\u00eda social e solidaria galega, e que entendemos que a noso colexio profesional debe asumir tam\u00e9n.<\/p>\n<p>Actualmente estanse a ver situaci\u00f3ns preocupantes nas que estas mensaxes de odio est\u00e1n materializ\u00e1ndose en actuaci\u00f3ns violentas contra grupos de poboaci\u00f3n vulnerable. Feitos que non poden quedar impunes, e precisan dunha inmediata reacci\u00f3n.<\/p>\n<p>Con esta adhesi\u00f3n sum\u00e1monos a outras <a href=\"https:\/\/eapn-galicia.com\/grazas-por-sumarvos-a-declaracion-tolerancia-e-respecto-fronte-ao-discurso-do-odio-e-a-aporofobia\/\">70 entidades galegas<\/a> que xa asinaron esta Declaraci\u00f3n reiterando o establecido na <a href=\"https:\/\/www.parlamentodegalicia.gal\/Actualidade\/3146\/declaracion-institucional-do-parlamento-de-galicia-con-motivo-do-dia-internacional-para-a-erradicacion-da-pobreza-2020\/\">Declaraci\u00f3n Institucional do Parlamento de Galicia<\/a>, aprobada por unanimidade nesa c\u00e1mara o 20 de outubro do 2020, baseada en que:<\/p>\n<p>\u2022 As persoas non son culpables da s\u00faa pobreza.<\/p>\n<p>\u2022 Ningu\u00e9n \u00e9 culpable do seu sufrimento.<\/p>\n<p>\u2022 Ningunha persoa \u00e9 in\u00fatil.<\/p>\n<p>As persoas que sofren e denuncian esas e outras moitas mentiras ou as que afirman que \u201co m\u00e1is perigoso dos prexu\u00edzos \u00e9 cando ti mesmo os cres\u201d non est\u00e1n soas.<\/p>\n<p>Asumindo a declaraci\u00f3n, reclamamos \u00e1s forzas pol\u00edticas e instituci\u00f3ns p\u00fablicas que asuman a s\u00faa responsabilidade e garantan as medidas necesarias para reducir as desigualdades sociais, combater a discriminaci\u00f3n e favorecer o respecto, a tolerancia e a participaci\u00f3n activa de todas as persoas, sen ning\u00fan tipo de vacilaci\u00f3n ou d\u00fabida. Pero tam\u00e9n compromet\u00e9monos a difundir e po\u00f1er o foco nas experiencias positivas e nos exemplos maioritarios de convivencia normalizada, loitando contra a desinformaci\u00f3n e evitando a instrumentalizaci\u00f3n ou as visi\u00f3ns terxiversadas das persoas que viven en situaci\u00f3n de exclusi\u00f3n social.<\/p>\n<p>Ademais convid\u00e1mosvos a asumir esta declaraci\u00f3n e a difundila nas vosas redes sociais (co cancelo #ContrAporofobia) e naquelas organizaci\u00f3ns que creades oportuno..<\/p>\n<\/div><\/div><\/div><\/div><\/div>","protected":false},"excerpt":{"rendered":"","protected":false},"author":2,"featured_media":6726,"comment_status":"open","ping_status":"open","sticky":false,"template":"","format":"standard","meta":{"footnotes":""},"categories":[45,46],"tags":[59],"class_list":["post-6725","post","type-post","status-publish","format-standard","has-post-thumbnail","hentry","category-general-maintenance","category-tips","tag-probando-contidos"],"_links":{"self":[{"href":"https:\/\/forestaisgalicia.es\/es\/wp-json\/wp\/v2\/posts\/6725","targetHints":{"allow":["GET"]}}],"collection":[{"href":"https:\/\/forestaisgalicia.es\/es\/wp-json\/wp\/v2\/posts"}],"about":[{"href":"https:\/\/forestaisgalicia.es\/es\/wp-json\/wp\/v2\/types\/post"}],"author":[{"embeddable":true,"href":"https:\/\/forestaisgalicia.es\/es\/wp-json\/wp\/v2\/users\/2"}],"replies":[{"embeddable":true,"href":"https:\/\/forestaisgalicia.es\/es\/wp-json\/wp\/v2\/comments?post=6725"}],"version-history":[{"count":3,"href":"https:\/\/forestaisgalicia.es\/es\/wp-json\/wp\/v2\/posts\/6725\/revisions"}],"predecessor-version":[{"id":6729,"href":"https:\/\/forestaisgalicia.es\/es\/wp-json\/wp\/v2\/posts\/6725\/revisions\/6729"}],"wp:featuredmedia":[{"embeddable":true,"href":"https:\/\/forestaisgalicia.es\/es\/wp-json\/wp\/v2\/media\/6726"}],"wp:attachment":[{"href":"https:\/\/forestaisgalicia.es\/es\/wp-json\/wp\/v2\/media?parent=6725"}],"wp:term":[{"taxonomy":"category","embeddable":true,"href":"https:\/\/forestaisgalicia.es\/es\/wp-json\/wp\/v2\/categories?post=6725"},{"taxonomy":"post_tag","embeddable":true,"href":"https:\/\/forestaisgalicia.es\/es\/wp-json\/wp\/v2\/tags?post=6725"}],"curies":[{"name":"wp","href":"https:\/\/api.w.org\/{rel}","templated":true}]}}