{"id":6765,"date":"2025-08-18T10:00:29","date_gmt":"2025-08-18T10:00:29","guid":{"rendered":"https:\/\/forestaisgalicia.es\/?p=6765"},"modified":"2025-08-22T12:56:24","modified_gmt":"2025-08-22T12:56:24","slug":"accions-coetfg-relativas-a-situacion-derivada-dos-incendios-forestais-en-galicia","status":"publish","type":"post","link":"https:\/\/forestaisgalicia.es\/es\/accions-coetfg-relativas-a-situacion-derivada-dos-incendios-forestais-en-galicia\/","title":{"rendered":"Acci\u00f3ns COETFG relativas \u00e1 situaci\u00f3n derivada dos incendios forestais en Galicia"},"content":{"rendered":"<div class=\"fusion-fullwidth fullwidth-box fusion-builder-row-1 fusion-flex-container nonhundred-percent-fullwidth non-hundred-percent-height-scrolling\" style=\"--awb-border-radius-top-left:0px;--awb-border-radius-top-right:0px;--awb-border-radius-bottom-right:0px;--awb-border-radius-bottom-left:0px;--awb-padding-top:3%;--awb-padding-bottom:6%;--awb-flex-wrap:wrap;\" ><div class=\"fusion-builder-row fusion-row fusion-flex-align-items-flex-start fusion-flex-content-wrap\" style=\"max-width:1144px;margin-left: calc(-4% \/ 2 );margin-right: calc(-4% \/ 2 );\"><div class=\"fusion-layout-column fusion_builder_column fusion-builder-column-0 fusion_builder_column_1_1 1_1 fusion-flex-column fusion-animated\" style=\"--awb-bg-size:cover;--awb-width-large:100%;--awb-margin-top-large:0px;--awb-spacing-right-large:1.92%;--awb-margin-bottom-large:0px;--awb-spacing-left-large:1.92%;--awb-width-medium:100%;--awb-spacing-right-medium:1.92%;--awb-spacing-left-medium:1.92%;--awb-width-small:100%;--awb-spacing-right-small:1.92%;--awb-spacing-left-small:1.92%;\" data-animationtype=\"fadeInLeft\" data-animationduration=\"1.0\" data-animationoffset=\"top-into-view\"><div class=\"fusion-column-wrapper fusion-column-has-shadow fusion-flex-justify-content-flex-start fusion-content-layout-column\"><div class=\"fusion-image-element\" style=\"text-align:center;--awb-max-width:40%;--awb-caption-title-font-family:var(--h2_typography-font-family);--awb-caption-title-font-weight:var(--h2_typography-font-weight);--awb-caption-title-font-style:var(--h2_typography-font-style);--awb-caption-title-size:var(--h2_typography-font-size);--awb-caption-title-transform:var(--h2_typography-text-transform);--awb-caption-title-line-height:var(--h2_typography-line-height);--awb-caption-title-letter-spacing:var(--h2_typography-letter-spacing);\"><span class=\"fusion-imageframe imageframe-none imageframe-1 hover-type-none\"><img decoding=\"async\" width=\"983\" height=\"529\" title=\"Opcion5.2\" src=\"https:\/\/forestaisgalicia.es\/wp-content\/uploads\/2025\/08\/Opcion5.2.jpg\" data-orig-src=\"https:\/\/forestaisgalicia.es\/wp-content\/uploads\/2025\/08\/Opcion5.2.jpg\" alt class=\"lazyload img-responsive wp-image-6782\" srcset=\"data:image\/svg+xml,%3Csvg%20xmlns%3D%27http%3A%2F%2Fwww.w3.org%2F2000%2Fsvg%27%20width%3D%27983%27%20height%3D%27529%27%20viewBox%3D%270%200%20983%20529%27%3E%3Crect%20width%3D%27983%27%20height%3D%27529%27%20fill-opacity%3D%220%22%2F%3E%3C%2Fsvg%3E\" data-srcset=\"https:\/\/forestaisgalicia.es\/wp-content\/uploads\/2025\/08\/Opcion5.2-200x108.jpg 200w, https:\/\/forestaisgalicia.es\/wp-content\/uploads\/2025\/08\/Opcion5.2-400x215.jpg 400w, https:\/\/forestaisgalicia.es\/wp-content\/uploads\/2025\/08\/Opcion5.2-600x323.jpg 600w, https:\/\/forestaisgalicia.es\/wp-content\/uploads\/2025\/08\/Opcion5.2-800x431.jpg 800w, https:\/\/forestaisgalicia.es\/wp-content\/uploads\/2025\/08\/Opcion5.2.jpg 983w\" data-sizes=\"auto\" data-orig-sizes=\"(max-width: 1024px) 100vw, (max-width: 640px) 100vw, 983px\" \/><\/span><\/div><\/div><\/div><div class=\"fusion-layout-column fusion_builder_column fusion-builder-column-1 fusion_builder_column_1_1 1_1 fusion-flex-column fusion-animated\" style=\"--awb-padding-top:30px;--awb-bg-size:cover;--awb-width-large:100%;--awb-margin-top-large:0px;--awb-spacing-right-large:1.92%;--awb-margin-bottom-large:0px;--awb-spacing-left-large:1.92%;--awb-width-medium:100%;--awb-spacing-right-medium:1.92%;--awb-spacing-left-medium:1.92%;--awb-width-small:100%;--awb-spacing-right-small:1.92%;--awb-spacing-left-small:1.92%;\" data-animationtype=\"fadeInUp\" data-animationduration=\"1.0\" data-animationoffset=\"top-into-view\"><div class=\"fusion-column-wrapper fusion-column-has-shadow fusion-flex-justify-content-flex-start fusion-content-layout-column\"><div class=\"fusion-title title fusion-title-1 fusion-sep-none fusion-title-text fusion-title-size-two\" style=\"--awb-margin-top:40px;--awb-margin-top-small:40px;--awb-margin-right-small:0px;--awb-margin-bottom-small:20px;--awb-margin-left-small:0px;--awb-font-size:36px;\"><h2 class=\"fusion-title-heading title-heading-left fusion-responsive-typography-calculated\" style=\"margin:0;font-size:1em;--fontSize:36;line-height:1.5;\">Acci\u00f3ns COETFG relativas \u00e1 situaci\u00f3n derivada dos incendios forestais en Galicia<\/h2><\/div><div class=\"fusion-text fusion-text-1\"><p>Ante a devastadora situaci\u00f3n que os incendios forestais est\u00e1n a provocar en Galicia nestes d\u00edas, o COETFG mantense a disposici\u00f3n das administraci\u00f3ns galegas para canalizar calquera axuda ou colaboraci\u00f3n que estea ao noso alcalce.<\/p>\n<p>As\u00ed mesmo, estanse a dar servizos t\u00e9cnico\/xur\u00eddicos \u00e1s persoas colexiadas que est\u00e1n traballando tanto nos servizos de extinci\u00f3n como en tarefas de apoio aos mesmos.<\/p>\n<p>Neste senso lembr\u00e1mosvos a todos\/as que estamos a vosa disposici\u00f3n e mantemos aberta a canle de comunicaci\u00f3n a trav\u00e9s da que podades trasladarnos calquera tipo de proposta que poda axudar a afrontar tanto a situaci\u00f3n actual, como a recuperaci\u00f3n futura do patrimonio danado.<\/p>\n<p>Contacto: coetfoga@forestaisgalicia.es<\/p>\n<\/div><\/div><\/div><\/div><\/div>","protected":false},"excerpt":{"rendered":"","protected":false},"author":2,"featured_media":6782,"comment_status":"open","ping_status":"open","sticky":false,"template":"","format":"standard","meta":{"footnotes":""},"categories":[45,46],"tags":[59],"class_list":["post-6765","post","type-post","status-publish","format-standard","has-post-thumbnail","hentry","category-general-maintenance","category-tips","tag-probando-contidos"],"_links":{"self":[{"href":"https:\/\/forestaisgalicia.es\/es\/wp-json\/wp\/v2\/posts\/6765","targetHints":{"allow":["GET"]}}],"collection":[{"href":"https:\/\/forestaisgalicia.es\/es\/wp-json\/wp\/v2\/posts"}],"about":[{"href":"https:\/\/forestaisgalicia.es\/es\/wp-json\/wp\/v2\/types\/post"}],"author":[{"embeddable":true,"href":"https:\/\/forestaisgalicia.es\/es\/wp-json\/wp\/v2\/users\/2"}],"replies":[{"embeddable":true,"href":"https:\/\/forestaisgalicia.es\/es\/wp-json\/wp\/v2\/comments?post=6765"}],"version-history":[{"count":2,"href":"https:\/\/forestaisgalicia.es\/es\/wp-json\/wp\/v2\/posts\/6765\/revisions"}],"predecessor-version":[{"id":6767,"href":"https:\/\/forestaisgalicia.es\/es\/wp-json\/wp\/v2\/posts\/6765\/revisions\/6767"}],"wp:featuredmedia":[{"embeddable":true,"href":"https:\/\/forestaisgalicia.es\/es\/wp-json\/wp\/v2\/media\/6782"}],"wp:attachment":[{"href":"https:\/\/forestaisgalicia.es\/es\/wp-json\/wp\/v2\/media?parent=6765"}],"wp:term":[{"taxonomy":"category","embeddable":true,"href":"https:\/\/forestaisgalicia.es\/es\/wp-json\/wp\/v2\/categories?post=6765"},{"taxonomy":"post_tag","embeddable":true,"href":"https:\/\/forestaisgalicia.es\/es\/wp-json\/wp\/v2\/tags?post=6765"}],"curies":[{"name":"wp","href":"https:\/\/api.w.org\/{rel}","templated":true}]}}