{"id":6920,"date":"2025-09-16T18:24:55","date_gmt":"2025-09-16T18:24:55","guid":{"rendered":"https:\/\/forestaisgalicia.es\/?p=6920"},"modified":"2025-10-06T18:41:12","modified_gmt":"2025-10-06T18:41:12","slug":"consulta-publica-do-documento-de-revision-e-actualizacion-dos-mapas-de-perigosidade-e-risco-de-inundacion-da-demarcacion-hidrografica-galicia-costa-2028-2033","status":"publish","type":"post","link":"https:\/\/forestaisgalicia.es\/es\/consulta-publica-do-documento-de-revision-e-actualizacion-dos-mapas-de-perigosidade-e-risco-de-inundacion-da-demarcacion-hidrografica-galicia-costa-2028-2033\/","title":{"rendered":"Consulta P\u00fablica do &#8220;Documento de revisi\u00f3n e actualizaci\u00f3n dos mapas de perigosidade e risco de inundaci\u00f3n da Demarcaci\u00f3n Hidrogr\u00e1fica Galicia-costa&#8221; (2028-2033)"},"content":{"rendered":"<div class=\"fusion-fullwidth fullwidth-box fusion-builder-row-1 fusion-flex-container nonhundred-percent-fullwidth non-hundred-percent-height-scrolling\" style=\"--awb-border-radius-top-left:0px;--awb-border-radius-top-right:0px;--awb-border-radius-bottom-right:0px;--awb-border-radius-bottom-left:0px;--awb-padding-top:3%;--awb-padding-bottom:6%;--awb-flex-wrap:wrap;\" ><div class=\"fusion-builder-row fusion-row fusion-flex-align-items-flex-start fusion-flex-content-wrap\" style=\"max-width:1144px;margin-left: calc(-4% \/ 2 );margin-right: calc(-4% \/ 2 );\"><div class=\"fusion-layout-column fusion_builder_column fusion-builder-column-0 fusion_builder_column_1_1 1_1 fusion-flex-column fusion-animated\" style=\"--awb-bg-size:cover;--awb-width-large:100%;--awb-margin-top-large:0px;--awb-spacing-right-large:1.92%;--awb-margin-bottom-large:0px;--awb-spacing-left-large:1.92%;--awb-width-medium:100%;--awb-spacing-right-medium:1.92%;--awb-spacing-left-medium:1.92%;--awb-width-small:100%;--awb-spacing-right-small:1.92%;--awb-spacing-left-small:1.92%;\" data-animationtype=\"fadeInLeft\" data-animationduration=\"1.0\" data-animationoffset=\"top-into-view\"><div class=\"fusion-column-wrapper fusion-column-has-shadow fusion-flex-justify-content-flex-start fusion-content-layout-column\"><div class=\"fusion-image-element\" style=\"text-align:center;--awb-max-width:40%;--awb-caption-title-font-family:var(--h2_typography-font-family);--awb-caption-title-font-weight:var(--h2_typography-font-weight);--awb-caption-title-font-style:var(--h2_typography-font-style);--awb-caption-title-size:var(--h2_typography-font-size);--awb-caption-title-transform:var(--h2_typography-text-transform);--awb-caption-title-line-height:var(--h2_typography-line-height);--awb-caption-title-letter-spacing:var(--h2_typography-letter-spacing);\"><span class=\"fusion-imageframe imageframe-none imageframe-1 hover-type-none\"><img decoding=\"async\" width=\"220\" height=\"120\" title=\"mapasperigos220x\" src=\"https:\/\/forestaisgalicia.es\/wp-content\/uploads\/2025\/10\/mapasperigos220x.jpg\" data-orig-src=\"https:\/\/forestaisgalicia.es\/wp-content\/uploads\/2025\/10\/mapasperigos220x.jpg\" alt class=\"lazyload img-responsive wp-image-6921\" srcset=\"data:image\/svg+xml,%3Csvg%20xmlns%3D%27http%3A%2F%2Fwww.w3.org%2F2000%2Fsvg%27%20width%3D%27220%27%20height%3D%27120%27%20viewBox%3D%270%200%20220%20120%27%3E%3Crect%20width%3D%27220%27%20height%3D%27120%27%20fill-opacity%3D%220%22%2F%3E%3C%2Fsvg%3E\" data-srcset=\"https:\/\/forestaisgalicia.es\/wp-content\/uploads\/2025\/10\/mapasperigos220x-200x109.jpg 200w, https:\/\/forestaisgalicia.es\/wp-content\/uploads\/2025\/10\/mapasperigos220x.jpg 220w\" data-sizes=\"auto\" data-orig-sizes=\"(max-width: 1024px) 100vw, (max-width: 640px) 100vw, 220px\" \/><\/span><\/div><\/div><\/div><div class=\"fusion-layout-column fusion_builder_column fusion-builder-column-1 fusion_builder_column_1_1 1_1 fusion-flex-column fusion-animated\" style=\"--awb-padding-top:30px;--awb-bg-size:cover;--awb-width-large:100%;--awb-margin-top-large:0px;--awb-spacing-right-large:1.92%;--awb-margin-bottom-large:0px;--awb-spacing-left-large:1.92%;--awb-width-medium:100%;--awb-spacing-right-medium:1.92%;--awb-spacing-left-medium:1.92%;--awb-width-small:100%;--awb-spacing-right-small:1.92%;--awb-spacing-left-small:1.92%;\" data-animationtype=\"fadeInUp\" data-animationduration=\"1.0\" data-animationoffset=\"top-into-view\"><div class=\"fusion-column-wrapper fusion-column-has-shadow fusion-flex-justify-content-flex-start fusion-content-layout-column\"><div class=\"fusion-title title fusion-title-1 fusion-sep-none fusion-title-text fusion-title-size-two\" style=\"--awb-margin-top:40px;--awb-margin-top-small:40px;--awb-margin-right-small:0px;--awb-margin-bottom-small:20px;--awb-margin-left-small:0px;--awb-font-size:36px;\"><h2 class=\"fusion-title-heading title-heading-left fusion-responsive-typography-calculated\" style=\"margin:0;font-size:1em;--fontSize:36;line-height:1.5;\">Consulta P\u00fablica do &#8220;Documento de revisi\u00f3n e actualizaci\u00f3n dos mapas de perigosidade e risco de inundaci\u00f3n da Demarcaci\u00f3n Hidrogr\u00e1fica Galicia-costa&#8221; (2028-2033)<\/h2><\/div><div class=\"fusion-text fusion-text-1\"><p>Con data 16\/09\/2025, deu inicio a consulta p\u00fablica da revisi\u00f3n e actualizaci\u00f3n dos Mapas de Perigosidade e Risco de Inundaci\u00f3n da demarcaci\u00f3n hidrogr\u00e1fica Galicia Costa para o ciclo 2028-2033, tal e como se anunciaba na resoluci\u00f3n de 4 de setembro da Direcci\u00f3n de Augas de Galicia publicada no <a href=\"https:\/\/www.xunta.gal\/dog\/Publicados\/2025\/20250915\/AnuncioO143-050925-0005_gl.pdf\">DOG,<\/a> e cun prazo de 3 meses.<\/p>\n<p><span style=\"background-color: rgba(0, 0, 0, 0);\">A Directiva 2007\/60\/CE relativa \u00e1 avaliaci\u00f3n e xesti\u00f3n dos riscos de inundacion, e a s\u00faa trasposici\u00f3n a trav\u00e9s do Real Decreto 903\/2010 de 9 de xullo, regulan os traballos a realizar para a planificaci\u00f3n da xesti\u00f3n do risco de inundaci\u00f3n, establecendo no seu artigo 21 o car\u00e1cter c\u00edclico destes traballos que se deber\u00e1n revisar e actualizar cada 6 anos. De feito, a\u00ednda que sigue vixente o <a href=\"https:\/\/augasdegalicia.xunta.gal\/seccion-tema\/c\/Planificacion_hidroloxica?content=plans-de-xestion-risco-de-inundacion\/seccion.html&amp;sub=Subseccion_001\/\">Plan de Xesti\u00f3n de Risco de Inundaci\u00f3n de Galicia Costa<\/a> para o ciclo 2022-2027 (aprobado por RD 27\/2023 de 17 de xaneiro), Augas de Galicia xa est\u00e1 traballando na revisi\u00f3n e actualizaci\u00f3n dos contidos da planificaci\u00f3n hidrol\u00f3xica da xesti\u00f3n das inundaci\u00f3ns para o ciclo 2028-2033.<\/span><\/p>\n<p>Como recordatorio, os traballos a realizar peri\u00f3dicamente segundo a Directiva de Inundaci\u00f3ns son os seguintes:<\/p>\n<p>\u2022 A EPRI; Avaliaci\u00f3n preliminar do risco de inundaci\u00f3n, na que se determinan aqueles tramos de r\u00edo catalogados como ARPSI (Areas de Risco Potencial Significativo de Inundaci\u00f3n).<\/p>\n<p>\u2022 Os MAPRI: Mapas de perigosidade e risco de inundaci\u00f3n, nos que se realizan estudos de detalle das ARPSIs, delimitando os seus mapas correspondentes de perigosidade (extensi\u00f3n de chairas de inundaci\u00f3n e calados), e de risco (afecci\u00f3ns \u00e1 poboaci\u00f3n, \u00e1 actividade econ\u00f3mica, \u00e1 \u00e1reas de importancia medioambiental e outros elementos de especial importancia para protecci\u00f3n civil, como escolas, hospitais, centros de sa\u00fade\u2026)<\/p>\n<p>\u2022 O PXRI: Plan de Xesti\u00f3n de Risco de Inundaci\u00f3n, que est\u00e1 constitu\u00eddo por un programa de medidas co obxectivo de minimizar os danos ocasionados polas inundaci\u00f3ns.<\/p>\n<p>Unha vez delimitadas xa as ARPSIs para este 3\u00ba ciclo, Augas de Galicia procedeu \u00e1 revisi\u00f3n e actualizaci\u00f3n dos seus correspondentes mapas de perigosidade e risco de inundaci\u00f3n, que se someten agora a un proceso de consulta p\u00fablica durante 3 meses.<\/p>\n<p>A informaci\u00f3n a consulta, est\u00e1 a disposici\u00f3n do p\u00fablico en xeral na web e visor oficial de Augas de Galicia, e consta de:<\/p>\n<p>\u2022 <a href=\"https:\/\/augasdegalicia.xunta.gal\/seccion-tema\/c\/Participacion_cidadana_procesos_info_publica?content=\/Portal-Web\/Contidos_Augas_Galicia\/Seccions\/participacion-na-planificacion-hidroloxica\/seccion.html&amp;std=contenido-2.html\">Memoria metodol\u00f3xica<\/a><\/p>\n<p>\u2022 <a href=\"https:\/\/mapas.xunta.gal\/visores\/dhgc\/\">Informaci\u00f3n xeogr\u00e1fica asociada<\/a><\/p>\n<p>Dentro do visor, a informaci\u00f3n a consulta p\u00fablica dispo\u00f1ible, tanto en modo visualizaci\u00f3n como descarga, at\u00f3pase no ep\u00edgrafe INUNDABLES NOVO!, subep\u00edgrafe D2007\/60 Mapas Inundables Fluviais ciclo 2028-2033 CP<\/p>\n<p>A informaci\u00f3n a consulta p\u00fablica, incl\u00fae a delimitaci\u00f3n de mapas de perigosidade e risco de inundaci\u00f3n de;<\/p>\n<p>\u2022 Novos tramos delimitados como ARPSIs fluviais neste ciclo 2028-2033.<\/p>\n<p>\u2022 ARPSIs fluviais delimitadas nos ciclos anteriores, nos que a administraci\u00f3n hidr\u00e1ulica procedeu a realizar unha revisi\u00f3n e actualizaci\u00f3n.<\/p>\n<p>Esta revisi\u00f3n foi realizada por diversos motivos t\u00e9cnicos; modificaci\u00f3ns xeradas por obras, melloras e actualizaci\u00f3ns dos modelos hidr\u00e1ulicos asociados, correcci\u00f3ns de erros\u2026<\/p>\n<p>Non se incl\u00fae na consulta p\u00fablica, os mapas de perigosidade e risco de inundaci\u00f3n de;<\/p>\n<p>\u2022 ARPSIs fluviais delimitadas en ciclos anteriores, nos que non se realizou ningunha actualizaci\u00f3n por parte da administraci\u00f3n hidr\u00e1ulica.<\/p>\n<p>Nestas ARPSIs fluviais, seguir\u00e1n vixentes os mapas de perigosidade do ciclo anterior.<\/p>\n<p>\u2022 ARPSIs costeiras.<\/p>\n<p>Mant\u00e9\u00f1ense os mapas destas ARPSIs, ao non considerar necesaria a s\u00faa actualizaci\u00f3n a administraci\u00f3n con competencia, que \u00e9 a Direcci\u00f3n da Costa e o Mar, do MITERD.<\/p>\n<p>Por \u00faltimo cabe destacar, que durante a consulta p\u00fablica destes mapas, e mentres non se aproben os mapas definitivos para o ciclo 2028-2033 por parte do Comit\u00e9 de Autoridades Competentes de Augas de Galicia, seguen vixentes os Mapas de Perigosidade e Risco de Inundaci\u00f3n correspondentes ao ciclo 2021-2027.<\/p>\n<p>Para calquera d\u00fabida ou aclaraci\u00f3n adicional poden dirixirse a: <span style=\"background-color: rgba(0, 0, 0, 0);\">planinundacions.augasdegalicia@xunta.gal<\/span><\/p>\n<\/div><\/div><\/div><\/div><\/div>","protected":false},"excerpt":{"rendered":"","protected":false},"author":2,"featured_media":6921,"comment_status":"open","ping_status":"open","sticky":false,"template":"","format":"standard","meta":{"footnotes":""},"categories":[45,46],"tags":[59],"class_list":["post-6920","post","type-post","status-publish","format-standard","has-post-thumbnail","hentry","category-general-maintenance","category-tips","tag-probando-contidos"],"_links":{"self":[{"href":"https:\/\/forestaisgalicia.es\/es\/wp-json\/wp\/v2\/posts\/6920","targetHints":{"allow":["GET"]}}],"collection":[{"href":"https:\/\/forestaisgalicia.es\/es\/wp-json\/wp\/v2\/posts"}],"about":[{"href":"https:\/\/forestaisgalicia.es\/es\/wp-json\/wp\/v2\/types\/post"}],"author":[{"embeddable":true,"href":"https:\/\/forestaisgalicia.es\/es\/wp-json\/wp\/v2\/users\/2"}],"replies":[{"embeddable":true,"href":"https:\/\/forestaisgalicia.es\/es\/wp-json\/wp\/v2\/comments?post=6920"}],"version-history":[{"count":4,"href":"https:\/\/forestaisgalicia.es\/es\/wp-json\/wp\/v2\/posts\/6920\/revisions"}],"predecessor-version":[{"id":6931,"href":"https:\/\/forestaisgalicia.es\/es\/wp-json\/wp\/v2\/posts\/6920\/revisions\/6931"}],"wp:featuredmedia":[{"embeddable":true,"href":"https:\/\/forestaisgalicia.es\/es\/wp-json\/wp\/v2\/media\/6921"}],"wp:attachment":[{"href":"https:\/\/forestaisgalicia.es\/es\/wp-json\/wp\/v2\/media?parent=6920"}],"wp:term":[{"taxonomy":"category","embeddable":true,"href":"https:\/\/forestaisgalicia.es\/es\/wp-json\/wp\/v2\/categories?post=6920"},{"taxonomy":"post_tag","embeddable":true,"href":"https:\/\/forestaisgalicia.es\/es\/wp-json\/wp\/v2\/tags?post=6920"}],"curies":[{"name":"wp","href":"https:\/\/api.w.org\/{rel}","templated":true}]}}