{"id":6925,"date":"2025-09-01T18:33:02","date_gmt":"2025-09-01T18:33:02","guid":{"rendered":"https:\/\/forestaisgalicia.es\/?p=6925"},"modified":"2025-10-06T18:36:24","modified_gmt":"2025-10-06T18:36:24","slug":"iniciativa-de-proposta-de-pacto-de-estado-fronte-a-emerxencia-climatica","status":"publish","type":"post","link":"https:\/\/forestaisgalicia.es\/es\/iniciativa-de-proposta-de-pacto-de-estado-fronte-a-emerxencia-climatica\/","title":{"rendered":"Iniciativa de proposta de \u201cPacto de Estado Fronte a Emerxencia Clim\u00e1tica\u201d"},"content":{"rendered":"<div class=\"fusion-fullwidth fullwidth-box fusion-builder-row-1 fusion-flex-container nonhundred-percent-fullwidth non-hundred-percent-height-scrolling\" style=\"--awb-border-radius-top-left:0px;--awb-border-radius-top-right:0px;--awb-border-radius-bottom-right:0px;--awb-border-radius-bottom-left:0px;--awb-padding-top:3%;--awb-padding-bottom:6%;--awb-flex-wrap:wrap;\" ><div class=\"fusion-builder-row fusion-row fusion-flex-align-items-flex-start fusion-flex-content-wrap\" style=\"max-width:1144px;margin-left: calc(-4% \/ 2 );margin-right: calc(-4% \/ 2 );\"><div class=\"fusion-layout-column fusion_builder_column fusion-builder-column-0 fusion_builder_column_1_1 1_1 fusion-flex-column fusion-animated\" style=\"--awb-bg-size:cover;--awb-width-large:100%;--awb-margin-top-large:0px;--awb-spacing-right-large:1.92%;--awb-margin-bottom-large:0px;--awb-spacing-left-large:1.92%;--awb-width-medium:100%;--awb-spacing-right-medium:1.92%;--awb-spacing-left-medium:1.92%;--awb-width-small:100%;--awb-spacing-right-small:1.92%;--awb-spacing-left-small:1.92%;\" data-animationtype=\"fadeInLeft\" data-animationduration=\"1.0\" data-animationoffset=\"top-into-view\"><div class=\"fusion-column-wrapper fusion-column-has-shadow fusion-flex-justify-content-flex-start fusion-content-layout-column\"><div class=\"fusion-image-element\" style=\"text-align:center;--awb-max-width:40%;--awb-caption-title-font-family:var(--h2_typography-font-family);--awb-caption-title-font-weight:var(--h2_typography-font-weight);--awb-caption-title-font-style:var(--h2_typography-font-style);--awb-caption-title-size:var(--h2_typography-font-size);--awb-caption-title-transform:var(--h2_typography-text-transform);--awb-caption-title-line-height:var(--h2_typography-line-height);--awb-caption-title-letter-spacing:var(--h2_typography-letter-spacing);\"><span class=\"fusion-imageframe imageframe-none imageframe-1 hover-type-none\"><img decoding=\"async\" width=\"220\" height=\"64\" title=\"Pacto_Estado_220x\" src=\"https:\/\/forestaisgalicia.es\/wp-content\/uploads\/2025\/10\/Pacto_Estado_220x.jpg\" data-orig-src=\"https:\/\/forestaisgalicia.es\/wp-content\/uploads\/2025\/10\/Pacto_Estado_220x.jpg\" alt class=\"lazyload img-responsive wp-image-6926\" srcset=\"data:image\/svg+xml,%3Csvg%20xmlns%3D%27http%3A%2F%2Fwww.w3.org%2F2000%2Fsvg%27%20width%3D%27220%27%20height%3D%2764%27%20viewBox%3D%270%200%20220%2064%27%3E%3Crect%20width%3D%27220%27%20height%3D%2764%27%20fill-opacity%3D%220%22%2F%3E%3C%2Fsvg%3E\" data-srcset=\"https:\/\/forestaisgalicia.es\/wp-content\/uploads\/2025\/10\/Pacto_Estado_220x-200x58.jpg 200w, https:\/\/forestaisgalicia.es\/wp-content\/uploads\/2025\/10\/Pacto_Estado_220x.jpg 220w\" data-sizes=\"auto\" data-orig-sizes=\"(max-width: 1024px) 100vw, (max-width: 640px) 100vw, 220px\" \/><\/span><\/div><\/div><\/div><div class=\"fusion-layout-column fusion_builder_column fusion-builder-column-1 fusion_builder_column_1_1 1_1 fusion-flex-column fusion-animated\" style=\"--awb-padding-top:30px;--awb-bg-size:cover;--awb-width-large:100%;--awb-margin-top-large:0px;--awb-spacing-right-large:1.92%;--awb-margin-bottom-large:0px;--awb-spacing-left-large:1.92%;--awb-width-medium:100%;--awb-spacing-right-medium:1.92%;--awb-spacing-left-medium:1.92%;--awb-width-small:100%;--awb-spacing-right-small:1.92%;--awb-spacing-left-small:1.92%;\" data-animationtype=\"fadeInUp\" data-animationduration=\"1.0\" data-animationoffset=\"top-into-view\"><div class=\"fusion-column-wrapper fusion-column-has-shadow fusion-flex-justify-content-flex-start fusion-content-layout-column\"><div class=\"fusion-title title fusion-title-1 fusion-sep-none fusion-title-text fusion-title-size-two\" style=\"--awb-margin-top:40px;--awb-margin-top-small:40px;--awb-margin-right-small:0px;--awb-margin-bottom-small:20px;--awb-margin-left-small:0px;--awb-font-size:36px;\"><h2 class=\"fusion-title-heading title-heading-left fusion-responsive-typography-calculated\" style=\"margin:0;font-size:1em;--fontSize:36;line-height:1.5;\">Iniciativa de proposta de \u201cPacto de Estado Fronte a Emerxencia Clim\u00e1tica\u201d<\/h2><\/div><div class=\"fusion-text fusion-text-1\"><p>Ata o vindeiro 15\/10\/2025 permanece aberta a participaci\u00f3n p\u00fablica \u00e1 proposta do Ministerio para la Transici\u00f3n Ecol\u00f3gica y el Reto Demogr\u00e1fico (MITECO) do \u201c<a href=\"https:\/\/www.miteco.gob.es\/content\/dam\/miteco\/es\/pacto-emergencia-climatica\/20250902_Pacto_de_Estado_frente_a_la_emergencia_climatica_vdef2.pdf\">PACTO DE ESTADO FRONTE A EMERXENCIA CLIM\u00c1TICA<\/a>\u201d, a trav\u00e9s do que segundo sinalan, pretende establecer un marco compartido de compromisos que garantan o interese xeral e o ben com\u00fan, que transitan dende a xesti\u00f3n da auga e bosques, \u00e1 prioridade das persoas m\u00e1is vulnerables, a disposici\u00f3n das mellores condici\u00f3ns de traballo para os servizos de emerxencia, ata o desenvolvemento dunha nova cultura de prevenci\u00f3n.<\/p>\n<p>O traballo a desenvolver planificado nesta <a href=\"https:\/\/www.miteco.gob.es\/es\/pacto-emergencia-climatica\/cronograma.html\">Folla de Ruta<\/a> nace para dar unha resposta com\u00fan a secas, incendios e inundaci\u00f3ns e o seu obxectivo principal \u00e9 reforzar a resiliencia do pais e protexer \u00e1 cidadan\u00eda.<\/p>\n<p><a href=\"https:\/\/forma.administracionelectronica.gob.es\/form\/open\/corp\/8b2c7464-acce-4cca-b67b-c3d5c75731ff\/RPCk\">Formulario de participaci\u00f3n cidad\u00e1<\/a><\/p>\n<p><a href=\"https:\/\/www.miteco.gob.es\/es\/pacto-emergencia-climatica.html\">M\u00e1is info &gt;&gt; <\/a><\/p>\n<\/div><\/div><\/div><\/div><\/div>","protected":false},"excerpt":{"rendered":"","protected":false},"author":2,"featured_media":6926,"comment_status":"open","ping_status":"open","sticky":false,"template":"","format":"standard","meta":{"footnotes":""},"categories":[45,46],"tags":[59],"class_list":["post-6925","post","type-post","status-publish","format-standard","has-post-thumbnail","hentry","category-general-maintenance","category-tips","tag-probando-contidos"],"_links":{"self":[{"href":"https:\/\/forestaisgalicia.es\/es\/wp-json\/wp\/v2\/posts\/6925","targetHints":{"allow":["GET"]}}],"collection":[{"href":"https:\/\/forestaisgalicia.es\/es\/wp-json\/wp\/v2\/posts"}],"about":[{"href":"https:\/\/forestaisgalicia.es\/es\/wp-json\/wp\/v2\/types\/post"}],"author":[{"embeddable":true,"href":"https:\/\/forestaisgalicia.es\/es\/wp-json\/wp\/v2\/users\/2"}],"replies":[{"embeddable":true,"href":"https:\/\/forestaisgalicia.es\/es\/wp-json\/wp\/v2\/comments?post=6925"}],"version-history":[{"count":4,"href":"https:\/\/forestaisgalicia.es\/es\/wp-json\/wp\/v2\/posts\/6925\/revisions"}],"predecessor-version":[{"id":6930,"href":"https:\/\/forestaisgalicia.es\/es\/wp-json\/wp\/v2\/posts\/6925\/revisions\/6930"}],"wp:featuredmedia":[{"embeddable":true,"href":"https:\/\/forestaisgalicia.es\/es\/wp-json\/wp\/v2\/media\/6926"}],"wp:attachment":[{"href":"https:\/\/forestaisgalicia.es\/es\/wp-json\/wp\/v2\/media?parent=6925"}],"wp:term":[{"taxonomy":"category","embeddable":true,"href":"https:\/\/forestaisgalicia.es\/es\/wp-json\/wp\/v2\/categories?post=6925"},{"taxonomy":"post_tag","embeddable":true,"href":"https:\/\/forestaisgalicia.es\/es\/wp-json\/wp\/v2\/tags?post=6925"}],"curies":[{"name":"wp","href":"https:\/\/api.w.org\/{rel}","templated":true}]}}