{"id":6932,"date":"2025-09-23T18:43:24","date_gmt":"2025-09-23T18:43:24","guid":{"rendered":"https:\/\/forestaisgalicia.es\/?p=6932"},"modified":"2025-10-06T18:46:00","modified_gmt":"2025-10-06T18:46:00","slug":"participacion-na-asemblea-xeral-de-union-profesional-de-galicia","status":"publish","type":"post","link":"https:\/\/forestaisgalicia.es\/es\/participacion-na-asemblea-xeral-de-union-profesional-de-galicia\/","title":{"rendered":"Participaci\u00f3n na Asemblea Xeral de Uni\u00f3n Profesional de Galicia"},"content":{"rendered":"<div class=\"fusion-fullwidth fullwidth-box fusion-builder-row-1 fusion-flex-container nonhundred-percent-fullwidth non-hundred-percent-height-scrolling\" style=\"--awb-border-radius-top-left:0px;--awb-border-radius-top-right:0px;--awb-border-radius-bottom-right:0px;--awb-border-radius-bottom-left:0px;--awb-padding-top:3%;--awb-padding-bottom:6%;--awb-flex-wrap:wrap;\" ><div class=\"fusion-builder-row fusion-row fusion-flex-align-items-flex-start fusion-flex-content-wrap\" style=\"max-width:1144px;margin-left: calc(-4% \/ 2 );margin-right: calc(-4% \/ 2 );\"><div class=\"fusion-layout-column fusion_builder_column fusion-builder-column-0 fusion_builder_column_1_1 1_1 fusion-flex-column fusion-animated\" style=\"--awb-bg-size:cover;--awb-width-large:100%;--awb-margin-top-large:0px;--awb-spacing-right-large:1.92%;--awb-margin-bottom-large:0px;--awb-spacing-left-large:1.92%;--awb-width-medium:100%;--awb-spacing-right-medium:1.92%;--awb-spacing-left-medium:1.92%;--awb-width-small:100%;--awb-spacing-right-small:1.92%;--awb-spacing-left-small:1.92%;\" data-animationtype=\"fadeInLeft\" data-animationduration=\"1.0\" data-animationoffset=\"top-into-view\"><div class=\"fusion-column-wrapper fusion-column-has-shadow fusion-flex-justify-content-flex-start fusion-content-layout-column\"><div class=\"fusion-image-element\" style=\"text-align:center;--awb-max-width:40%;--awb-caption-title-font-family:var(--h2_typography-font-family);--awb-caption-title-font-weight:var(--h2_typography-font-weight);--awb-caption-title-font-style:var(--h2_typography-font-style);--awb-caption-title-size:var(--h2_typography-font-size);--awb-caption-title-transform:var(--h2_typography-text-transform);--awb-caption-title-line-height:var(--h2_typography-line-height);--awb-caption-title-letter-spacing:var(--h2_typography-letter-spacing);\"><span class=\"fusion-imageframe imageframe-none imageframe-1 hover-type-none\"><img decoding=\"async\" width=\"220\" height=\"123\" title=\"20250923_Asamblea_UPG_220X\" src=\"https:\/\/forestaisgalicia.es\/wp-content\/uploads\/2025\/10\/20250923_Asamblea_UPG_220X.jpg\" data-orig-src=\"https:\/\/forestaisgalicia.es\/wp-content\/uploads\/2025\/10\/20250923_Asamblea_UPG_220X.jpg\" alt class=\"lazyload img-responsive wp-image-6933\" srcset=\"data:image\/svg+xml,%3Csvg%20xmlns%3D%27http%3A%2F%2Fwww.w3.org%2F2000%2Fsvg%27%20width%3D%27220%27%20height%3D%27123%27%20viewBox%3D%270%200%20220%20123%27%3E%3Crect%20width%3D%27220%27%20height%3D%27123%27%20fill-opacity%3D%220%22%2F%3E%3C%2Fsvg%3E\" data-srcset=\"https:\/\/forestaisgalicia.es\/wp-content\/uploads\/2025\/10\/20250923_Asamblea_UPG_220X-200x112.jpg 200w, https:\/\/forestaisgalicia.es\/wp-content\/uploads\/2025\/10\/20250923_Asamblea_UPG_220X.jpg 220w\" data-sizes=\"auto\" data-orig-sizes=\"(max-width: 1024px) 100vw, (max-width: 640px) 100vw, 220px\" \/><\/span><\/div><\/div><\/div><div class=\"fusion-layout-column fusion_builder_column fusion-builder-column-1 fusion_builder_column_1_1 1_1 fusion-flex-column fusion-animated\" style=\"--awb-padding-top:30px;--awb-bg-size:cover;--awb-width-large:100%;--awb-margin-top-large:0px;--awb-spacing-right-large:1.92%;--awb-margin-bottom-large:0px;--awb-spacing-left-large:1.92%;--awb-width-medium:100%;--awb-spacing-right-medium:1.92%;--awb-spacing-left-medium:1.92%;--awb-width-small:100%;--awb-spacing-right-small:1.92%;--awb-spacing-left-small:1.92%;\" data-animationtype=\"fadeInUp\" data-animationduration=\"1.0\" data-animationoffset=\"top-into-view\"><div class=\"fusion-column-wrapper fusion-column-has-shadow fusion-flex-justify-content-flex-start fusion-content-layout-column\"><div class=\"fusion-title title fusion-title-1 fusion-sep-none fusion-title-text fusion-title-size-two\" style=\"--awb-margin-top:40px;--awb-margin-top-small:40px;--awb-margin-right-small:0px;--awb-margin-bottom-small:20px;--awb-margin-left-small:0px;--awb-font-size:36px;\"><h2 class=\"fusion-title-heading title-heading-left fusion-responsive-typography-calculated\" style=\"margin:0;font-size:1em;--fontSize:36;line-height:1.5;\">Participaci\u00f3n na Asemblea Xeral de Uni\u00f3n Profesional de Galicia<\/h2><\/div><div class=\"fusion-text fusion-text-1\"><p>O COETFG como membro de <a href=\"https:\/\/unionprofesionaldegalicia.org\/\">Uni\u00f3n Profesional de Galicia<\/a>, entidade que engloba a distintos colexios profesionais de Galicia, participou na <a href=\"https:\/\/unionprofesionaldegalicia.org\/renovacion-estatutos-union-profesional-galicia\/\">Asemblea Xeral Ordinaria<\/a> celebrada o pasado 23 de setembro de 2025 \u00e1s 17.00 horas en Santiago de Compostela.<\/p>\n<p>A directiva explicou as acci\u00f3ns realizadas durante os \u00faltimos meses e a planificaci\u00f3n para o que resta de ano.<\/p>\n<p>As\u00ed mesmo, entre os asuntos m\u00e1is relevantes destacamos:<\/p>\n<p>-A incorporaci\u00f3n de 2 novos Colexios Profesionais como socios de Uni\u00f3n Profesional de Galicia.<\/p>\n<p>-A creaci\u00f3n da Comisi\u00f3n de Estatutos, que se encargar\u00e1 da posta en marcha do traballo para a elaboraci\u00f3n da proposta de modificaci\u00f3n dos actuais estatutos.<\/p>\n<p>-A nova edici\u00f3n da Gu\u00eda de Peritos, Mediadores e Expertos Independentes de 2026, que estar\u00e1 editada a inicios do vindeiro ano.<\/p>\n<\/div><\/div><\/div><\/div><\/div>","protected":false},"excerpt":{"rendered":"","protected":false},"author":2,"featured_media":6933,"comment_status":"open","ping_status":"open","sticky":false,"template":"","format":"standard","meta":{"footnotes":""},"categories":[45,46],"tags":[59],"class_list":["post-6932","post","type-post","status-publish","format-standard","has-post-thumbnail","hentry","category-general-maintenance","category-tips","tag-probando-contidos"],"_links":{"self":[{"href":"https:\/\/forestaisgalicia.es\/es\/wp-json\/wp\/v2\/posts\/6932","targetHints":{"allow":["GET"]}}],"collection":[{"href":"https:\/\/forestaisgalicia.es\/es\/wp-json\/wp\/v2\/posts"}],"about":[{"href":"https:\/\/forestaisgalicia.es\/es\/wp-json\/wp\/v2\/types\/post"}],"author":[{"embeddable":true,"href":"https:\/\/forestaisgalicia.es\/es\/wp-json\/wp\/v2\/users\/2"}],"replies":[{"embeddable":true,"href":"https:\/\/forestaisgalicia.es\/es\/wp-json\/wp\/v2\/comments?post=6932"}],"version-history":[{"count":2,"href":"https:\/\/forestaisgalicia.es\/es\/wp-json\/wp\/v2\/posts\/6932\/revisions"}],"predecessor-version":[{"id":6935,"href":"https:\/\/forestaisgalicia.es\/es\/wp-json\/wp\/v2\/posts\/6932\/revisions\/6935"}],"wp:featuredmedia":[{"embeddable":true,"href":"https:\/\/forestaisgalicia.es\/es\/wp-json\/wp\/v2\/media\/6933"}],"wp:attachment":[{"href":"https:\/\/forestaisgalicia.es\/es\/wp-json\/wp\/v2\/media?parent=6932"}],"wp:term":[{"taxonomy":"category","embeddable":true,"href":"https:\/\/forestaisgalicia.es\/es\/wp-json\/wp\/v2\/categories?post=6932"},{"taxonomy":"post_tag","embeddable":true,"href":"https:\/\/forestaisgalicia.es\/es\/wp-json\/wp\/v2\/tags?post=6932"}],"curies":[{"name":"wp","href":"https:\/\/api.w.org\/{rel}","templated":true}]}}