{"id":7020,"date":"2025-10-01T13:34:37","date_gmt":"2025-10-01T13:34:37","guid":{"rendered":"https:\/\/forestaisgalicia.es\/?p=7020"},"modified":"2025-10-31T10:15:53","modified_gmt":"2025-10-31T10:15:53","slug":"convocadas-actividades-formativas-de-impulso-a-promocion-economica-e-fomento-do-emprego","status":"publish","type":"post","link":"https:\/\/forestaisgalicia.es\/es\/convocadas-actividades-formativas-de-impulso-a-promocion-economica-e-fomento-do-emprego\/","title":{"rendered":"Convocadas actividades formativas de impulso \u00e1 promoci\u00f3n econ\u00f3mica e fomento do emprego"},"content":{"rendered":"<div class=\"fusion-fullwidth fullwidth-box fusion-builder-row-1 fusion-flex-container nonhundred-percent-fullwidth non-hundred-percent-height-scrolling\" style=\"--awb-border-radius-top-left:0px;--awb-border-radius-top-right:0px;--awb-border-radius-bottom-right:0px;--awb-border-radius-bottom-left:0px;--awb-padding-top:3%;--awb-padding-bottom:6%;--awb-flex-wrap:wrap;\" ><div class=\"fusion-builder-row fusion-row fusion-flex-align-items-flex-start fusion-flex-content-wrap\" style=\"max-width:1144px;margin-left: calc(-4% \/ 2 );margin-right: calc(-4% \/ 2 );\"><div class=\"fusion-layout-column fusion_builder_column fusion-builder-column-0 fusion_builder_column_1_1 1_1 fusion-flex-column fusion-animated\" style=\"--awb-bg-size:cover;--awb-width-large:100%;--awb-margin-top-large:0px;--awb-spacing-right-large:1.92%;--awb-margin-bottom-large:0px;--awb-spacing-left-large:1.92%;--awb-width-medium:100%;--awb-spacing-right-medium:1.92%;--awb-spacing-left-medium:1.92%;--awb-width-small:100%;--awb-spacing-right-small:1.92%;--awb-spacing-left-small:1.92%;\" data-animationtype=\"fadeInLeft\" data-animationduration=\"1.0\" data-animationoffset=\"top-into-view\"><div class=\"fusion-column-wrapper fusion-column-has-shadow fusion-flex-justify-content-flex-start fusion-content-layout-column\"><div class=\"fusion-image-element\" style=\"text-align:center;--awb-max-width:40%;--awb-caption-title-font-family:var(--h2_typography-font-family);--awb-caption-title-font-weight:var(--h2_typography-font-weight);--awb-caption-title-font-style:var(--h2_typography-font-style);--awb-caption-title-size:var(--h2_typography-font-size);--awb-caption-title-transform:var(--h2_typography-text-transform);--awb-caption-title-line-height:var(--h2_typography-line-height);--awb-caption-title-letter-spacing:var(--h2_typography-letter-spacing);\"><span class=\"fusion-imageframe imageframe-none imageframe-1 hover-type-none\"><img decoding=\"async\" width=\"400\" height=\"300\" title=\"20251025_144627_0000\" src=\"https:\/\/forestaisgalicia.es\/wp-content\/uploads\/2025\/10\/20251025_144627_0000.png\" data-orig-src=\"https:\/\/forestaisgalicia.es\/wp-content\/uploads\/2025\/10\/20251025_144627_0000.png\" alt class=\"lazyload img-responsive wp-image-7021\" srcset=\"data:image\/svg+xml,%3Csvg%20xmlns%3D%27http%3A%2F%2Fwww.w3.org%2F2000%2Fsvg%27%20width%3D%27400%27%20height%3D%27300%27%20viewBox%3D%270%200%20400%20300%27%3E%3Crect%20width%3D%27400%27%20height%3D%27300%27%20fill-opacity%3D%220%22%2F%3E%3C%2Fsvg%3E\" data-srcset=\"https:\/\/forestaisgalicia.es\/wp-content\/uploads\/2025\/10\/20251025_144627_0000-200x150.png 200w, https:\/\/forestaisgalicia.es\/wp-content\/uploads\/2025\/10\/20251025_144627_0000.png 400w\" data-sizes=\"auto\" data-orig-sizes=\"(max-width: 1024px) 100vw, (max-width: 640px) 100vw, 400px\" \/><\/span><\/div><\/div><\/div><div class=\"fusion-layout-column fusion_builder_column fusion-builder-column-1 fusion_builder_column_1_1 1_1 fusion-flex-column fusion-animated\" style=\"--awb-padding-top:30px;--awb-bg-size:cover;--awb-width-large:100%;--awb-margin-top-large:0px;--awb-spacing-right-large:1.92%;--awb-margin-bottom-large:0px;--awb-spacing-left-large:1.92%;--awb-width-medium:100%;--awb-spacing-right-medium:1.92%;--awb-spacing-left-medium:1.92%;--awb-width-small:100%;--awb-spacing-right-small:1.92%;--awb-spacing-left-small:1.92%;\" data-animationtype=\"fadeInUp\" data-animationduration=\"1.0\" data-animationoffset=\"top-into-view\"><div class=\"fusion-column-wrapper fusion-column-has-shadow fusion-flex-justify-content-flex-start fusion-content-layout-column\"><div class=\"fusion-title title fusion-title-1 fusion-sep-none fusion-title-text fusion-title-size-two\" style=\"--awb-margin-top:40px;--awb-margin-top-small:40px;--awb-margin-right-small:0px;--awb-margin-bottom-small:20px;--awb-margin-left-small:0px;--awb-font-size:36px;\"><h2 class=\"fusion-title-heading title-heading-left fusion-responsive-typography-calculated\" style=\"margin:0;font-size:1em;--fontSize:36;line-height:1.5;\">Convocadas actividades formativas de impulso \u00e1 promoci\u00f3n econ\u00f3mica e fomento do emprego<\/h2><\/div><div class=\"fusion-text fusion-text-1\"><p>Gracias \u00e1 colaboraci\u00f3n e ao apoio econ\u00f3mico da <b><a href=\"https:\/\/www.dacoruna.gal\/portada\">Deputaci\u00f3n da Coru\u00f1a<\/a><\/b>, o COETFG ven de po\u00f1er en marcha un proxecto formativo dirixido \u00e1 <b>promoci\u00f3n econ\u00f3mica<\/b> e <b>fomento do emprego<\/b>.<\/p>\n<p>A convocatoria est\u00e1 aberta a calquera persoa e ou empresa con actividade profesional e a aquelas que se atopan en proceso de formaci\u00f3n e mellora de habilidades para a s\u00faa incorporaci\u00f3n ao mundo laboral e\/ou empresarial.<\/p>\n<p>O proxecto aborda unha serie de webinars, de duraci\u00f3n de 2 horas, con tem\u00e1ticas esenciais no cumprimento legal e competitividade das distintas organizaci\u00f3ns, as\u00ed como outras que permiten mellorar as habilidades e o talento dos equipos humanos.<\/p>\n<p> 06\/11\/2025 \u2013 WEBINAR: Obrigas e recomendaci\u00f3ns para pemes e aut\u00f3nomos: Ciberseguridade e NIS2 <a href=\"https:\/\/forestaisgalicia.e-gestion.es\/CursoDetalle\/20250024\"><i><b>&gt;&gt;Info.<\/b><\/i><\/a><\/p>\n<p> 13\/11\/2025 \u2013 WEBINAR: Obrigas e recomendaci\u00f3ns para pemes e aut\u00f3nomos: Facturaci\u00f3n Electr\u00f3nica <a href=\"https:\/\/forestaisgalicia.e-gestion.es\/CursoDetalle\/20250025\"><i><b>&gt;&gt;Info.<\/b><\/i><\/a><\/p>\n<p> 20\/11\/2025 \u2013 WEBINAR: A Intelixencia Artificial como unha oportunidade para os nosos negocios <i><a href=\"https:\/\/forestaisgalicia.e-gestion.es\/CursoDetalle\/20250026\"><b>&gt;&gt;Info.<\/b><\/a><\/i><\/p>\n<p> 02\/12\/2025 \u2013 WEBINAR: Como afrontar os procesos de selecci\u00f3n? <a href=\"https:\/\/forestaisgalicia.e-gestion.es\/CursoDetalle\/20250027\"><i><b>&gt;&gt;Info.<\/b><\/i><\/a><\/p>\n<p> 09\/12\/2025 \u2013 WEBINAR: Desenvolve a t\u00faa marca persoal con \u00e9xito <a href=\"https:\/\/forestaisgalicia.e-gestion.es\/CursoDetalle\/20250028\"><i style=\"\"><b>&gt;&gt;Info.<\/b><\/i><\/a><\/p>\n<p> 16\/12\/2025 \u2013 WEBINAR: Como mellorar a comunicaci\u00f3n da t\u00faa empresa? <a href=\"https:\/\/forestaisgalicia.e-gestion.es\/CursoDetalle\/20250029\"><b><i>&gt;&gt;Info.<\/i><\/b><\/a><\/p>\n<p>Dende o COETFG damos continuidade ao compromiso no \u00e1mbito da formaci\u00f3n e da actualizaci\u00f3n de co\u00f1ecementos.<\/p>\n<\/div><\/div><\/div><\/div><\/div>","protected":false},"excerpt":{"rendered":"","protected":false},"author":2,"featured_media":7021,"comment_status":"open","ping_status":"open","sticky":false,"template":"","format":"standard","meta":{"footnotes":""},"categories":[45,46],"tags":[59],"class_list":["post-7020","post","type-post","status-publish","format-standard","has-post-thumbnail","hentry","category-general-maintenance","category-tips","tag-probando-contidos"],"_links":{"self":[{"href":"https:\/\/forestaisgalicia.es\/es\/wp-json\/wp\/v2\/posts\/7020","targetHints":{"allow":["GET"]}}],"collection":[{"href":"https:\/\/forestaisgalicia.es\/es\/wp-json\/wp\/v2\/posts"}],"about":[{"href":"https:\/\/forestaisgalicia.es\/es\/wp-json\/wp\/v2\/types\/post"}],"author":[{"embeddable":true,"href":"https:\/\/forestaisgalicia.es\/es\/wp-json\/wp\/v2\/users\/2"}],"replies":[{"embeddable":true,"href":"https:\/\/forestaisgalicia.es\/es\/wp-json\/wp\/v2\/comments?post=7020"}],"version-history":[{"count":10,"href":"https:\/\/forestaisgalicia.es\/es\/wp-json\/wp\/v2\/posts\/7020\/revisions"}],"predecessor-version":[{"id":7049,"href":"https:\/\/forestaisgalicia.es\/es\/wp-json\/wp\/v2\/posts\/7020\/revisions\/7049"}],"wp:featuredmedia":[{"embeddable":true,"href":"https:\/\/forestaisgalicia.es\/es\/wp-json\/wp\/v2\/media\/7021"}],"wp:attachment":[{"href":"https:\/\/forestaisgalicia.es\/es\/wp-json\/wp\/v2\/media?parent=7020"}],"wp:term":[{"taxonomy":"category","embeddable":true,"href":"https:\/\/forestaisgalicia.es\/es\/wp-json\/wp\/v2\/categories?post=7020"},{"taxonomy":"post_tag","embeddable":true,"href":"https:\/\/forestaisgalicia.es\/es\/wp-json\/wp\/v2\/tags?post=7020"}],"curies":[{"name":"wp","href":"https:\/\/api.w.org\/{rel}","templated":true}]}}