{"id":7073,"date":"2025-10-24T19:24:24","date_gmt":"2025-10-24T19:24:24","guid":{"rendered":"https:\/\/forestaisgalicia.es\/?p=7073"},"modified":"2025-11-11T09:43:59","modified_gmt":"2025-11-11T09:43:59","slug":"o-coetfg-aborda-un-novo-proxecto-formativo-dirixido-ao-impulso-do-conecemento-e-a-competitividade-da-industria-forestal-madeira-de-galicia","status":"publish","type":"post","link":"https:\/\/forestaisgalicia.es\/es\/o-coetfg-aborda-un-novo-proxecto-formativo-dirixido-ao-impulso-do-conecemento-e-a-competitividade-da-industria-forestal-madeira-de-galicia\/","title":{"rendered":"O COETFG aborda un novo Proxecto Formativo dirixido ao impulso do co\u00f1ecemento e a competitividade da Industria Forestal-Madeira de Galicia"},"content":{"rendered":"<div class=\"fusion-fullwidth fullwidth-box fusion-builder-row-1 fusion-flex-container nonhundred-percent-fullwidth non-hundred-percent-height-scrolling\" style=\"--awb-border-radius-top-left:0px;--awb-border-radius-top-right:0px;--awb-border-radius-bottom-right:0px;--awb-border-radius-bottom-left:0px;--awb-padding-top:3%;--awb-padding-bottom:6%;--awb-flex-wrap:wrap;\" ><div class=\"fusion-builder-row fusion-row fusion-flex-align-items-flex-start fusion-flex-content-wrap\" style=\"max-width:1144px;margin-left: calc(-4% \/ 2 );margin-right: calc(-4% \/ 2 );\"><div class=\"fusion-layout-column fusion_builder_column fusion-builder-column-0 fusion_builder_column_1_1 1_1 fusion-flex-column fusion-animated\" style=\"--awb-bg-size:cover;--awb-width-large:100%;--awb-margin-top-large:0px;--awb-spacing-right-large:1.92%;--awb-margin-bottom-large:0px;--awb-spacing-left-large:1.92%;--awb-width-medium:100%;--awb-spacing-right-medium:1.92%;--awb-spacing-left-medium:1.92%;--awb-width-small:100%;--awb-spacing-right-small:1.92%;--awb-spacing-left-small:1.92%;\" data-animationtype=\"fadeInLeft\" data-animationduration=\"1.0\" data-animationoffset=\"top-into-view\"><div class=\"fusion-column-wrapper fusion-column-has-shadow fusion-flex-justify-content-flex-start fusion-content-layout-column\"><div class=\"fusion-image-element\" style=\"text-align:center;--awb-max-width:40%;--awb-caption-title-font-family:var(--h2_typography-font-family);--awb-caption-title-font-weight:var(--h2_typography-font-weight);--awb-caption-title-font-style:var(--h2_typography-font-style);--awb-caption-title-size:var(--h2_typography-font-size);--awb-caption-title-transform:var(--h2_typography-text-transform);--awb-caption-title-line-height:var(--h2_typography-line-height);--awb-caption-title-letter-spacing:var(--h2_typography-letter-spacing);\"><span class=\"fusion-imageframe imageframe-none imageframe-1 hover-type-none\"><img decoding=\"async\" width=\"320\" height=\"240\" title=\"2025_XERA_2025_Web\" src=\"https:\/\/forestaisgalicia.es\/wp-content\/uploads\/2025\/10\/2025_XERA_2025_Web.png\" data-orig-src=\"https:\/\/forestaisgalicia.es\/wp-content\/uploads\/2025\/10\/2025_XERA_2025_Web.png\" alt class=\"lazyload img-responsive wp-image-7084\" srcset=\"data:image\/svg+xml,%3Csvg%20xmlns%3D%27http%3A%2F%2Fwww.w3.org%2F2000%2Fsvg%27%20width%3D%27320%27%20height%3D%27240%27%20viewBox%3D%270%200%20320%20240%27%3E%3Crect%20width%3D%27320%27%20height%3D%27240%27%20fill-opacity%3D%220%22%2F%3E%3C%2Fsvg%3E\" data-srcset=\"https:\/\/forestaisgalicia.es\/wp-content\/uploads\/2025\/10\/2025_XERA_2025_Web-200x150.png 200w, https:\/\/forestaisgalicia.es\/wp-content\/uploads\/2025\/10\/2025_XERA_2025_Web.png 320w\" data-sizes=\"auto\" data-orig-sizes=\"(max-width: 1024px) 100vw, (max-width: 640px) 100vw, 320px\" \/><\/span><\/div><\/div><\/div><div class=\"fusion-layout-column fusion_builder_column fusion-builder-column-1 fusion_builder_column_1_1 1_1 fusion-flex-column fusion-animated\" style=\"--awb-padding-top:30px;--awb-bg-size:cover;--awb-width-large:100%;--awb-margin-top-large:0px;--awb-spacing-right-large:1.92%;--awb-margin-bottom-large:0px;--awb-spacing-left-large:1.92%;--awb-width-medium:100%;--awb-spacing-right-medium:1.92%;--awb-spacing-left-medium:1.92%;--awb-width-small:100%;--awb-spacing-right-small:1.92%;--awb-spacing-left-small:1.92%;\" data-animationtype=\"fadeInUp\" data-animationduration=\"1.0\" data-animationoffset=\"top-into-view\"><div class=\"fusion-column-wrapper fusion-column-has-shadow fusion-flex-justify-content-flex-start fusion-content-layout-column\"><div class=\"fusion-title title fusion-title-1 fusion-sep-none fusion-title-text fusion-title-size-two\" style=\"--awb-margin-top:40px;--awb-margin-top-small:40px;--awb-margin-right-small:0px;--awb-margin-bottom-small:20px;--awb-margin-left-small:0px;--awb-font-size:36px;\"><h2 class=\"fusion-title-heading title-heading-left fusion-responsive-typography-calculated\" style=\"margin:0;font-size:1em;--fontSize:36;line-height:1.5;\">O COETFG aborda un novo Proxecto Formativo dirixido ao impulso do co\u00f1ecemento e a competitividade da Industria Forestal-Madeira de Galicia<\/h2><\/div><div class=\"fusion-text fusion-text-1\"><p>No marco do procedemento IN501A, cofinanciado pola <b><a href=\"https:\/\/xera.xunta.gal\/es\">Axencia Galega da Industria Forestal (XERA)<\/a><\/b>, dende o COETFG po\u00f1emos en marcha un novo proxecto de acci\u00f3ns formativas e divulgativas dirixidas principalmente <span style=\"background-color: rgba(0, 0, 0, 0);\">a profesionais da industria forestal-madeira, estudantes de formaci\u00f3n profesional e estudantes universitarios vencellados ao \u00e1mbito forestal-madeira, persoas recentemente tituladas nos ditos estudos, as\u00ed como outras persoas interesadas.<\/span><\/p>\n<p>As distintas actividades que abarca o proxecto buscan reforzar o talento profesional do sector da industria forestal-madeira, abordando materias de actualidade que resultan esenciais para afrontar os desaf\u00edos e as oportunidades ligadas ao desenvolvemento profesional.<\/p>\n<p>Todas as acci\u00f3ns est\u00e1n impartidas por profesionais de reco\u00f1ecido prestixio que compartir\u00e1n con todos nos co\u00f1ecementos e indicaci\u00f3ns que facilitar\u00e1n o noso d\u00eda a d\u00eda.<\/p>\n<p>--------<\/p>\n<p>Nesta primeira fase, o COETFG lanza a convocatoria das seguintes actividades, das que podes ampliar detalles e inscribirte nos enlaces que acompa\u00f1an:<\/p>\n<p>22\/11\/2025 \u2013 CURSO: Implantaci\u00f3n de QGIS na oficina t\u00e9cnica (nivel b\u00e1sico) <i><b><a href=\"https:\/\/forestaisgalicia.e-gestion.es\/CursoDetalle\/20250031\">&gt;&gt;Info.<\/a><\/b><\/i><\/p>\n<p>25\/11\/2025 \u2013 WEBINAR: Plataforma Mercamadeira como punto de encontro para a compravenda de madeira <i><b><a href=\"https:\/\/forestaisgalicia.e-gestion.es\/CursoDetalle\/20250032\">&gt;&gt;Info.<\/a><\/b><\/i><\/p>\n<p>04\/12\/2025 \u2013 WEBINAR: Uso dos UAS no sector da industria forestal-madeira e dos recursos naturais <i><b><a href=\"https:\/\/forestaisgalicia.e-gestion.es\/CursoDetalle\/20250034\">&gt;&gt;Info.<\/a><\/b><\/i><\/p>\n<p>--------<\/p>\n<p>E continuamos traballando......<\/p>\n<p>Proximamente unha nova convocatoria:<span style=\"background-color: rgba(0, 0, 0, 0);\"> CURSO: Habilidades directivas e alto rendemento de profesionais da industria forestal-madeira<b><i>.<\/i><\/b><\/span><\/p>\n<p><span style=\"background-color: rgba(0, 0, 0, 0);\"><b><i>\u00a0<\/i><\/b><\/span><\/p>\n<p><span style=\"background-color: rgba(0, 0, 0, 0);\"><b><i>Non perdas esta oportunidade! <\/i><\/b><\/span><\/p>\n<p><span style=\"background-color: rgba(0, 0, 0, 0);\"><b><i>Inscr\u00edbete e mellora as t\u00faas habilidades!<\/i><\/b><\/span><\/p>\n<p><span style=\"background-color: rgba(0, 0, 0, 0);\"><b><i>\u00a0<\/i><\/b><\/span><\/p>\n<\/div><\/div><\/div><\/div><\/div>","protected":false},"excerpt":{"rendered":"","protected":false},"author":2,"featured_media":7084,"comment_status":"open","ping_status":"open","sticky":false,"template":"","format":"standard","meta":{"footnotes":""},"categories":[45,46],"tags":[59],"class_list":["post-7073","post","type-post","status-publish","format-standard","has-post-thumbnail","hentry","category-general-maintenance","category-tips","tag-probando-contidos"],"_links":{"self":[{"href":"https:\/\/forestaisgalicia.es\/es\/wp-json\/wp\/v2\/posts\/7073","targetHints":{"allow":["GET"]}}],"collection":[{"href":"https:\/\/forestaisgalicia.es\/es\/wp-json\/wp\/v2\/posts"}],"about":[{"href":"https:\/\/forestaisgalicia.es\/es\/wp-json\/wp\/v2\/types\/post"}],"author":[{"embeddable":true,"href":"https:\/\/forestaisgalicia.es\/es\/wp-json\/wp\/v2\/users\/2"}],"replies":[{"embeddable":true,"href":"https:\/\/forestaisgalicia.es\/es\/wp-json\/wp\/v2\/comments?post=7073"}],"version-history":[{"count":9,"href":"https:\/\/forestaisgalicia.es\/es\/wp-json\/wp\/v2\/posts\/7073\/revisions"}],"predecessor-version":[{"id":7083,"href":"https:\/\/forestaisgalicia.es\/es\/wp-json\/wp\/v2\/posts\/7073\/revisions\/7083"}],"wp:featuredmedia":[{"embeddable":true,"href":"https:\/\/forestaisgalicia.es\/es\/wp-json\/wp\/v2\/media\/7084"}],"wp:attachment":[{"href":"https:\/\/forestaisgalicia.es\/es\/wp-json\/wp\/v2\/media?parent=7073"}],"wp:term":[{"taxonomy":"category","embeddable":true,"href":"https:\/\/forestaisgalicia.es\/es\/wp-json\/wp\/v2\/categories?post=7073"},{"taxonomy":"post_tag","embeddable":true,"href":"https:\/\/forestaisgalicia.es\/es\/wp-json\/wp\/v2\/tags?post=7073"}],"curies":[{"name":"wp","href":"https:\/\/api.w.org\/{rel}","templated":true}]}}