{"id":7095,"date":"2025-12-15T17:34:10","date_gmt":"2025-12-15T17:34:10","guid":{"rendered":"https:\/\/forestaisgalicia.es\/?p=7095"},"modified":"2025-12-23T17:39:51","modified_gmt":"2025-12-23T17:39:51","slug":"o-coetfg-impulsa-o-talento-das-e-dos-profesionais-da-industria-forestal-madeira-coa-posta-en-marcha-dun-curso-de-habilidades-directivas-e-alto-rendemento","status":"publish","type":"post","link":"https:\/\/forestaisgalicia.es\/es\/o-coetfg-impulsa-o-talento-das-e-dos-profesionais-da-industria-forestal-madeira-coa-posta-en-marcha-dun-curso-de-habilidades-directivas-e-alto-rendemento\/","title":{"rendered":"O COETFG impulsa o talento das e dos profesionais da Industria Forestal-Madeira coa posta en marcha dun CURSO DE HABILIDADES DIRECTIVAS E ALTO RENDEMENTO"},"content":{"rendered":"<div class=\"fusion-fullwidth fullwidth-box fusion-builder-row-1 fusion-flex-container nonhundred-percent-fullwidth non-hundred-percent-height-scrolling\" style=\"--awb-border-radius-top-left:0px;--awb-border-radius-top-right:0px;--awb-border-radius-bottom-right:0px;--awb-border-radius-bottom-left:0px;--awb-padding-top:3%;--awb-padding-bottom:6%;--awb-flex-wrap:wrap;\" ><div class=\"fusion-builder-row fusion-row fusion-flex-align-items-flex-start fusion-flex-content-wrap\" style=\"max-width:1144px;margin-left: calc(-4% \/ 2 );margin-right: calc(-4% \/ 2 );\"><div class=\"fusion-layout-column fusion_builder_column fusion-builder-column-0 fusion_builder_column_1_1 1_1 fusion-flex-column fusion-animated\" style=\"--awb-bg-size:cover;--awb-width-large:100%;--awb-margin-top-large:0px;--awb-spacing-right-large:1.92%;--awb-margin-bottom-large:0px;--awb-spacing-left-large:1.92%;--awb-width-medium:100%;--awb-spacing-right-medium:1.92%;--awb-spacing-left-medium:1.92%;--awb-width-small:100%;--awb-spacing-right-small:1.92%;--awb-spacing-left-small:1.92%;\" data-animationtype=\"fadeInLeft\" data-animationduration=\"1.0\" data-animationoffset=\"top-into-view\"><div class=\"fusion-column-wrapper fusion-column-has-shadow fusion-flex-justify-content-flex-start fusion-content-layout-column\"><div class=\"fusion-image-element\" style=\"text-align:center;--awb-max-width:40%;--awb-caption-title-font-family:var(--h2_typography-font-family);--awb-caption-title-font-weight:var(--h2_typography-font-weight);--awb-caption-title-font-style:var(--h2_typography-font-style);--awb-caption-title-size:var(--h2_typography-font-size);--awb-caption-title-transform:var(--h2_typography-text-transform);--awb-caption-title-line-height:var(--h2_typography-line-height);--awb-caption-title-letter-spacing:var(--h2_typography-letter-spacing);\"><span class=\"fusion-imageframe imageframe-none imageframe-1 hover-type-none\"><img decoding=\"async\" width=\"2560\" height=\"1771\" title=\"TroquelCarpetaBRImaxe\" src=\"https:\/\/forestaisgalicia.es\/wp-content\/uploads\/2025\/12\/TroquelCarpetaBRImaxe-scaled.jpg\" data-orig-src=\"https:\/\/forestaisgalicia.es\/wp-content\/uploads\/2025\/12\/TroquelCarpetaBRImaxe-scaled.jpg\" alt class=\"lazyload img-responsive wp-image-7097\" srcset=\"data:image\/svg+xml,%3Csvg%20xmlns%3D%27http%3A%2F%2Fwww.w3.org%2F2000%2Fsvg%27%20width%3D%272560%27%20height%3D%271771%27%20viewBox%3D%270%200%202560%201771%27%3E%3Crect%20width%3D%272560%27%20height%3D%271771%27%20fill-opacity%3D%220%22%2F%3E%3C%2Fsvg%3E\" data-srcset=\"https:\/\/forestaisgalicia.es\/wp-content\/uploads\/2025\/12\/TroquelCarpetaBRImaxe-200x138.jpg 200w, https:\/\/forestaisgalicia.es\/wp-content\/uploads\/2025\/12\/TroquelCarpetaBRImaxe-400x277.jpg 400w, https:\/\/forestaisgalicia.es\/wp-content\/uploads\/2025\/12\/TroquelCarpetaBRImaxe-600x415.jpg 600w, https:\/\/forestaisgalicia.es\/wp-content\/uploads\/2025\/12\/TroquelCarpetaBRImaxe-800x553.jpg 800w, https:\/\/forestaisgalicia.es\/wp-content\/uploads\/2025\/12\/TroquelCarpetaBRImaxe-1200x830.jpg 1200w, https:\/\/forestaisgalicia.es\/wp-content\/uploads\/2025\/12\/TroquelCarpetaBRImaxe-scaled.jpg 2560w\" data-sizes=\"auto\" data-orig-sizes=\"(max-width: 1024px) 100vw, (max-width: 640px) 100vw, 1200px\" \/><\/span><\/div><\/div><\/div><div class=\"fusion-layout-column fusion_builder_column fusion-builder-column-1 fusion_builder_column_1_1 1_1 fusion-flex-column fusion-animated\" style=\"--awb-padding-top:30px;--awb-bg-size:cover;--awb-width-large:100%;--awb-margin-top-large:0px;--awb-spacing-right-large:1.92%;--awb-margin-bottom-large:0px;--awb-spacing-left-large:1.92%;--awb-width-medium:100%;--awb-spacing-right-medium:1.92%;--awb-spacing-left-medium:1.92%;--awb-width-small:100%;--awb-spacing-right-small:1.92%;--awb-spacing-left-small:1.92%;\" data-animationtype=\"fadeInUp\" data-animationduration=\"1.0\" data-animationoffset=\"top-into-view\"><div class=\"fusion-column-wrapper fusion-column-has-shadow fusion-flex-justify-content-flex-start fusion-content-layout-column\"><div class=\"fusion-title title fusion-title-1 fusion-sep-none fusion-title-text fusion-title-size-two\" style=\"--awb-margin-top:40px;--awb-margin-top-small:40px;--awb-margin-right-small:0px;--awb-margin-bottom-small:20px;--awb-margin-left-small:0px;--awb-font-size:36px;\"><h2 class=\"fusion-title-heading title-heading-left fusion-responsive-typography-calculated\" style=\"margin:0;font-size:1em;--fontSize:36;line-height:1.5;\">O COETFG impulsa o talento das e dos profesionais da Industria Forestal-Madeira coa posta en marcha dun CURSO DE HABILIDADES DIRECTIVAS E ALTO RENDEMENTO<\/h2><\/div><div class=\"fusion-text fusion-text-1\"><p>Baixo o PROXECTO \"ACCI\u00d3NS FORMATIVAS E DIVULGATIVAS DIRIXIDAS AO IMPULSO DO CO\u00d1ECEMENTO E A COMPETITIVIDADE DA INDUSTRIA FORESTAL-MADEIRA DE GALICIA. COETFG 2025-2026\", o COETFG abre a convocatoria dunha nova acci\u00f3n formativa que representa unha oportunidade \u00fanica para o <b>desempe\u00f1o profesional e a mellora continua<\/b>.<\/p>\n<p>Con esta formaci\u00f3n facil\u00edtase un programa de <b>desenvolvemento profesional e habilidades directivas e alto rendemento<\/b>, que ten por obxecto fixar talento no sector da industria forestal-madeira.<\/p>\n<p>Os <b>obxectivos<\/b> fundamentais do programa son: <\/p>\n<p><span style=\"background-color: rgba(0, 0, 0, 0);\">\u2022<\/span><span style=\"background-color: rgba(0, 0, 0, 0);\"> Adquirir co\u00f1ecementos clave para xerar unha maior eficiencia, tanto na actividade profesional, como na s\u00faa interacci\u00f3n con clientes, provedores, administraci\u00f3ns, \u2026<\/span><\/p>\n<p>\u2022 Entrenar as habilidades directivas m\u00e1is relevantes para acadar o \u00e9xito no liderado de equipos y motivar \u00e1 persoas no cambio de condutas y actitudes, a comunicaci\u00f3n nos distintos eidos e a negociaci\u00f3n con provedores e colaboradores.<\/p>\n<p><b>Dirixido a<\/b>:<\/p>\n<p>\u2022 Responsables de persoas e\/ou equipos de traballo.<\/p>\n<p>\u2022 Profesionais con interese en desenvolver habilidades inter e intra persoais par acadar unha maior eficiencia na xesti\u00f3n e direcci\u00f3n de persoas e equipos.<\/p>\n<p><b>M\u00f3dulos<\/b>:<\/p>\n<p>Abordarase con profundidade e con din\u00e1micas de traballo os seguintes m\u00f3dulos:<\/p>\n<p>&gt; M\u00f3dulo 1 _ Motivaci\u00f3n<\/p>\n<p>&gt; M\u00f3dulo 2_ Creatividade<\/p>\n<p>&gt; M\u00f3dulo 3_ Negociaci\u00f3n<\/p>\n<p>&gt; M\u00f3dulo 4_ Persuasi\u00f3n<\/p>\n<p>&gt; M\u00f3dulo 5_ Comunicaci\u00f3n<\/p>\n<p>&gt; M\u00f3dulo 6_ Liderado<\/p>\n<p>&gt; M\u00f3dulo 7_ Traballo en Equipo<\/p>\n<p>&gt; M\u00f3dulo 8_ Marca Persoal<\/p>\n<p>&gt; M\u00f3dulo 9_ Estratexia<\/p>\n<p>&gt; M\u00f3dulo 10_ Xesti\u00f3n<\/p>\n<p>Finalmente se abordar\u00e1n varias sesi\u00f3ns de integraci\u00f3n dos co\u00f1ecementos adquiridos.<\/p>\n<p><b>Datas:<\/b><\/p>\n<p>A formaci\u00f3n desenvolverase dende Xaneiro a Xu\u00f1o de 2026, cun total de:<\/p>\n<p>\u2022 6 sesi\u00f3ns presencias en Santiago (4 h\/sesi\u00f3n e horario: de 17.00 a 21.00 h): 30 de xaneiro, 27 de febreiro, 20 de marzo, 24 de abril, 22 de maio e 12 de xu\u00f1o de 2026<\/p>\n<p>\u2022 12 sesi\u00f3ns en li\u00f1a (2h\/sesi\u00f3n e horario de 17.00 a 19.00 h): 16 e 23 de xaneiro, 6 e 20 de febreiro, 6 e 13 de marzo, 10 e 17 de abril, 8 e 15 de maio, 29 de maio e 5 de xu\u00f1o<\/p>\n<p>Imparte:<\/p>\n<p>Modesto Luis G\u00f3mez Rodr\u00edguez | Director Xeral de Enxe\u00f1o Galicia<\/p>\n<p>Experto en Comunicaci\u00f3n, Estratexia, Marketing e Formaci\u00f3n.<\/p>\n<p><b>Condiciones econ\u00f3micas<\/b>:<\/p>\n<p>\u2022 INSCRICI\u00d3NS GRATU\u00cdTAS. (Custe da formaci\u00f3n: 800 \u20ac\/asistente)<\/p>\n<p>\u2022 Tr\u00e1tase dunha actividade formativa cofinanciada polo COETFG e pola Axencia Galega da Industria Forestal (XERA), resultando gratu\u00edta para o alumnado.<\/p>\n<p>Ser\u00e1 obrigatoria a asistencia ao 80% das horas lectivas. No caso de incumprimento, o COETFG res\u00e9rvase o dereito de limitar o acceso a outras actividades formativas da entidade.<\/p>\n<p><b>N\u00ba de Prazas limitado<\/b>: 15. Non te despistes e solicita xa a t\u00faa praza!!<\/p>\n<p>Prazo de inscrici\u00f3n ata o <b style=\"color: rgb(109, 12, 12);\">Martes 13\/01\/2025<\/b> ou fin de prazas!!<\/p>\n<p>M\u00e1is <u><b>informaci\u00f3n e inscrici\u00f3ns<\/b><\/u> <a href=\"https:\/\/forestaisgalicia.e-gestion.es\/CursoDetalle\/20250037\">AQU\u00cd <\/a><\/p><\/p>\n<\/div><\/div><\/div><\/div><\/div>","protected":false},"excerpt":{"rendered":"","protected":false},"author":2,"featured_media":7097,"comment_status":"open","ping_status":"open","sticky":false,"template":"","format":"standard","meta":{"footnotes":""},"categories":[45,46],"tags":[59],"class_list":["post-7095","post","type-post","status-publish","format-standard","has-post-thumbnail","hentry","category-general-maintenance","category-tips","tag-probando-contidos"],"_links":{"self":[{"href":"https:\/\/forestaisgalicia.es\/es\/wp-json\/wp\/v2\/posts\/7095","targetHints":{"allow":["GET"]}}],"collection":[{"href":"https:\/\/forestaisgalicia.es\/es\/wp-json\/wp\/v2\/posts"}],"about":[{"href":"https:\/\/forestaisgalicia.es\/es\/wp-json\/wp\/v2\/types\/post"}],"author":[{"embeddable":true,"href":"https:\/\/forestaisgalicia.es\/es\/wp-json\/wp\/v2\/users\/2"}],"replies":[{"embeddable":true,"href":"https:\/\/forestaisgalicia.es\/es\/wp-json\/wp\/v2\/comments?post=7095"}],"version-history":[{"count":4,"href":"https:\/\/forestaisgalicia.es\/es\/wp-json\/wp\/v2\/posts\/7095\/revisions"}],"predecessor-version":[{"id":7101,"href":"https:\/\/forestaisgalicia.es\/es\/wp-json\/wp\/v2\/posts\/7095\/revisions\/7101"}],"wp:featuredmedia":[{"embeddable":true,"href":"https:\/\/forestaisgalicia.es\/es\/wp-json\/wp\/v2\/media\/7097"}],"wp:attachment":[{"href":"https:\/\/forestaisgalicia.es\/es\/wp-json\/wp\/v2\/media?parent=7095"}],"wp:term":[{"taxonomy":"category","embeddable":true,"href":"https:\/\/forestaisgalicia.es\/es\/wp-json\/wp\/v2\/categories?post=7095"},{"taxonomy":"post_tag","embeddable":true,"href":"https:\/\/forestaisgalicia.es\/es\/wp-json\/wp\/v2\/tags?post=7095"}],"curies":[{"name":"wp","href":"https:\/\/api.w.org\/{rel}","templated":true}]}}