{"id":7106,"date":"2026-02-26T09:29:29","date_gmt":"2026-02-26T09:29:29","guid":{"rendered":"https:\/\/forestaisgalicia.es\/?p=7106"},"modified":"2026-02-26T09:29:29","modified_gmt":"2026-02-26T09:29:29","slug":"o-coetfg-convoca-a-sua-asemblea-xeral-ordinaria-para-o-28-de-marzo-de-2026","status":"publish","type":"post","link":"https:\/\/forestaisgalicia.es\/es\/o-coetfg-convoca-a-sua-asemblea-xeral-ordinaria-para-o-28-de-marzo-de-2026\/","title":{"rendered":"O COETFG convoca a s\u00faa Asemblea Xeral Ordinaria para o 28 de Marzo de 2026"},"content":{"rendered":"<div class=\"fusion-fullwidth fullwidth-box fusion-builder-row-1 fusion-flex-container nonhundred-percent-fullwidth non-hundred-percent-height-scrolling\" style=\"--awb-border-radius-top-left:0px;--awb-border-radius-top-right:0px;--awb-border-radius-bottom-right:0px;--awb-border-radius-bottom-left:0px;--awb-padding-top:3%;--awb-padding-bottom:6%;--awb-flex-wrap:wrap;\" ><div class=\"fusion-builder-row fusion-row fusion-flex-align-items-flex-start fusion-flex-content-wrap\" style=\"max-width:1144px;margin-left: calc(-4% \/ 2 );margin-right: calc(-4% \/ 2 );\"><div class=\"fusion-layout-column fusion_builder_column fusion-builder-column-0 fusion_builder_column_1_1 1_1 fusion-flex-column fusion-animated\" style=\"--awb-bg-size:cover;--awb-width-large:100%;--awb-margin-top-large:0px;--awb-spacing-right-large:1.92%;--awb-margin-bottom-large:0px;--awb-spacing-left-large:1.92%;--awb-width-medium:100%;--awb-spacing-right-medium:1.92%;--awb-spacing-left-medium:1.92%;--awb-width-small:100%;--awb-spacing-right-small:1.92%;--awb-spacing-left-small:1.92%;\" data-animationtype=\"fadeInLeft\" data-animationduration=\"1.0\" data-animationoffset=\"top-into-view\"><div class=\"fusion-column-wrapper fusion-column-has-shadow fusion-flex-justify-content-flex-start fusion-content-layout-column\"><div class=\"fusion-image-element\" style=\"text-align:center;--awb-max-width:40%;--awb-caption-title-font-family:var(--h2_typography-font-family);--awb-caption-title-font-weight:var(--h2_typography-font-weight);--awb-caption-title-font-style:var(--h2_typography-font-style);--awb-caption-title-size:var(--h2_typography-font-size);--awb-caption-title-transform:var(--h2_typography-text-transform);--awb-caption-title-line-height:var(--h2_typography-line-height);--awb-caption-title-letter-spacing:var(--h2_typography-letter-spacing);\"><span class=\"fusion-imageframe imageframe-none imageframe-1 hover-type-none\"><img decoding=\"async\" width=\"1080\" height=\"1350\" title=\"2025_AXO_Foto_RRSS\" src=\"https:\/\/forestaisgalicia.es\/wp-content\/uploads\/2026\/02\/2025_AXO_Foto_RRSS.png\" data-orig-src=\"https:\/\/forestaisgalicia.es\/wp-content\/uploads\/2026\/02\/2025_AXO_Foto_RRSS.png\" alt class=\"lazyload img-responsive wp-image-7108\" srcset=\"data:image\/svg+xml,%3Csvg%20xmlns%3D%27http%3A%2F%2Fwww.w3.org%2F2000%2Fsvg%27%20width%3D%271080%27%20height%3D%271350%27%20viewBox%3D%270%200%201080%201350%27%3E%3Crect%20width%3D%271080%27%20height%3D%271350%27%20fill-opacity%3D%220%22%2F%3E%3C%2Fsvg%3E\" data-srcset=\"https:\/\/forestaisgalicia.es\/wp-content\/uploads\/2026\/02\/2025_AXO_Foto_RRSS-200x250.png 200w, https:\/\/forestaisgalicia.es\/wp-content\/uploads\/2026\/02\/2025_AXO_Foto_RRSS-400x500.png 400w, https:\/\/forestaisgalicia.es\/wp-content\/uploads\/2026\/02\/2025_AXO_Foto_RRSS-600x750.png 600w, https:\/\/forestaisgalicia.es\/wp-content\/uploads\/2026\/02\/2025_AXO_Foto_RRSS-800x1000.png 800w, https:\/\/forestaisgalicia.es\/wp-content\/uploads\/2026\/02\/2025_AXO_Foto_RRSS.png 1080w\" data-sizes=\"auto\" data-orig-sizes=\"(max-width: 1024px) 100vw, (max-width: 640px) 100vw, 1080px\" \/><\/span><\/div><\/div><\/div><div class=\"fusion-layout-column fusion_builder_column fusion-builder-column-1 fusion_builder_column_1_1 1_1 fusion-flex-column fusion-animated\" style=\"--awb-padding-top:30px;--awb-bg-size:cover;--awb-width-large:100%;--awb-margin-top-large:0px;--awb-spacing-right-large:1.92%;--awb-margin-bottom-large:0px;--awb-spacing-left-large:1.92%;--awb-width-medium:100%;--awb-spacing-right-medium:1.92%;--awb-spacing-left-medium:1.92%;--awb-width-small:100%;--awb-spacing-right-small:1.92%;--awb-spacing-left-small:1.92%;\" data-animationtype=\"fadeInUp\" data-animationduration=\"1.0\" data-animationoffset=\"top-into-view\"><div class=\"fusion-column-wrapper fusion-column-has-shadow fusion-flex-justify-content-flex-start fusion-content-layout-column\"><div class=\"fusion-title title fusion-title-1 fusion-sep-none fusion-title-text fusion-title-size-two\" style=\"--awb-margin-top:40px;--awb-margin-top-small:40px;--awb-margin-right-small:0px;--awb-margin-bottom-small:20px;--awb-margin-left-small:0px;--awb-font-size:36px;\"><h2 class=\"fusion-title-heading title-heading-left fusion-responsive-typography-calculated\" style=\"margin:0;font-size:1em;--fontSize:36;line-height:1.5;\">O COETFG convoca a s\u00faa Asemblea Xeral Ordinaria para o 28 de Marzo de 2026<\/h2><\/div><div class=\"fusion-text fusion-text-1\"><p>O encontro celebrarase a trav\u00e9s de conexi\u00f3n en li\u00f1a para facilitar a participaci\u00f3n de todo o colectivo e abordar\u00e1 a actuaci\u00f3n da entidade na anualidade 2025, as\u00ed como el plan de actuaci\u00f3n e o orzamento para o 2026<\/p>\n<p>&nbsp;<\/p>\n<p>26 febreiro, 2026<\/p>\n<p>O Colexio Oficial da Enxe\u00f1ar\u00eda T\u00e9cnica Forestal de Galicia (COETFG) celebrar\u00e1 a s\u00faa Asemblea Xeral Ordinaria o vindeiro s\u00e1bado 28 de marzo de 2026.<\/p>\n<p>A sesi\u00f3n est\u00e1 convocada en primeira convocatoria \u00e1s 10:00 horas e \u00e1s 10:30 horas en segunda, e desenvolverase en formato telem\u00e1tica a trav\u00e9s da plataforma Zoom.<\/p>\n<p>No encontro poder\u00e1n participar todas as persoas asociadas que soliciten a s\u00faa inscrici\u00f3n antes do xoves 26\/03\/2026 \u00e1s 15.00 horas, ben a trav\u00e9s dunha comunicaci\u00f3n ao enderezo coetfoga@forestaisgalicia.es ou ben a trav\u00e9s da sede electr\u00f3nica no seguinte <a href=\"https:\/\/forestaisgalicia.e-gestion.es\/eventos\/20260002\">ENLACE<\/a> .<\/p>\n<p>Durante la asemblea, a entidade presentar\u00e1 o balance de xesti\u00f3n do \u00faltimo exercicio, coa memoria de actividades e as contas correspondentes a 2025, ademais do plan de actuaci\u00f3n e o orzamento previsto para 2026.<\/p>\n<p>O enlace de acceso a la sesi\u00f3n enviarase no d\u00eda previo \u00e1 asemblea ao enderezo electr\u00f3nico comunicado pola persoa inscrita.<\/p>\n<p>Agardamos poder contar coa t\u00faa participaci\u00f3n e achegas.<\/p>\n<p>Sen d\u00fabida a dende a diversidade de perspectivas, enfoques e co\u00f1ecementos conseguiremos fortalecer o noso Colexio e a nosa profesi\u00f3n!<\/p>\n<\/div><\/div><\/div><\/div><\/div>","protected":false},"excerpt":{"rendered":"","protected":false},"author":2,"featured_media":7108,"comment_status":"open","ping_status":"open","sticky":false,"template":"","format":"standard","meta":{"footnotes":""},"categories":[45,46],"tags":[59],"class_list":["post-7106","post","type-post","status-publish","format-standard","has-post-thumbnail","hentry","category-general-maintenance","category-tips","tag-probando-contidos"],"_links":{"self":[{"href":"https:\/\/forestaisgalicia.es\/es\/wp-json\/wp\/v2\/posts\/7106","targetHints":{"allow":["GET"]}}],"collection":[{"href":"https:\/\/forestaisgalicia.es\/es\/wp-json\/wp\/v2\/posts"}],"about":[{"href":"https:\/\/forestaisgalicia.es\/es\/wp-json\/wp\/v2\/types\/post"}],"author":[{"embeddable":true,"href":"https:\/\/forestaisgalicia.es\/es\/wp-json\/wp\/v2\/users\/2"}],"replies":[{"embeddable":true,"href":"https:\/\/forestaisgalicia.es\/es\/wp-json\/wp\/v2\/comments?post=7106"}],"version-history":[{"count":3,"href":"https:\/\/forestaisgalicia.es\/es\/wp-json\/wp\/v2\/posts\/7106\/revisions"}],"predecessor-version":[{"id":7110,"href":"https:\/\/forestaisgalicia.es\/es\/wp-json\/wp\/v2\/posts\/7106\/revisions\/7110"}],"wp:featuredmedia":[{"embeddable":true,"href":"https:\/\/forestaisgalicia.es\/es\/wp-json\/wp\/v2\/media\/7108"}],"wp:attachment":[{"href":"https:\/\/forestaisgalicia.es\/es\/wp-json\/wp\/v2\/media?parent=7106"}],"wp:term":[{"taxonomy":"category","embeddable":true,"href":"https:\/\/forestaisgalicia.es\/es\/wp-json\/wp\/v2\/categories?post=7106"},{"taxonomy":"post_tag","embeddable":true,"href":"https:\/\/forestaisgalicia.es\/es\/wp-json\/wp\/v2\/tags?post=7106"}],"curies":[{"name":"wp","href":"https:\/\/api.w.org\/{rel}","templated":true}]}}